{"id":1070,"date":"2014-05-15T12:38:05","date_gmt":"2014-05-15T10:38:05","guid":{"rendered":"http:\/\/www.linksgestrickt.de\/blog\/?p=1070"},"modified":"2014-05-15T12:38:05","modified_gmt":"2014-05-15T10:38:05","slug":"wollfeste-2014-und-der-ravelry-road-planner","status":"publish","type":"post","link":"https:\/\/www.linksgestrickt.de\/blog\/2014\/05\/15\/wollfeste-2014-und-der-ravelry-road-planner\/","title":{"rendered":"Wollfeste 2014 und der Ravelry Road Planner"},"content":{"rendered":"<p>Wer von Euch schon konkrete Reisepl\u00e4ne f\u00fcr diesen Sommer schmiedet und sich im August und September ein Wochenende frei nehmen kann, dem seien diese beiden Wollfeste ans Herz gelegt:<\/p>\n<p><a href=\"https:\/\/www.linksgestrickt.de\/blog\/wp-content\/uploads\/2014\/05\/wollfestivalk\u00f6ln.jpg\"><img decoding=\"async\" loading=\"lazy\" class=\"aligncenter\" alt=\"wollfestivalk\u00f6ln\" src=\"https:\/\/www.linksgestrickt.de\/blog\/wp-content\/uploads\/2014\/05\/wollfestivalk\u00f6ln.jpg\" width=\"350\" height=\"376\" \/><\/a><\/p>\n<p>Diesen Sommer finden zwei Wollfeste statt, eins in <a title=\"Link zum Wollfestival K\u00f6ln\" href=\"http:\/\/wollfestival.wordpress.com\/\" target=\"_blank\">K\u00f6ln vom 9.8-10.8. 2014<\/a> sowie etwas n\u00f6rdlicher gelegen vom <a title=\"Link zum Wollfestival Hamburg\" href=\"http:\/\/wollfest-hamburg.de\/\" target=\"_blank\">6.9-7.9.2014 in Hamburg<\/a>. Ich denke, dass Euch da f\u00fcr je zwei Tage eine Art Himmel f\u00fcr Stricker erwartet, denn neben allen erdenklichen und k\u00e4uflich erwerblichen Wollfirmen, kann man nette Kontakte kn\u00fcpfen sowie an verschiedenen Workshops (Hamburg) teilnehmen<\/p>\n<p><a href=\"https:\/\/www.linksgestrickt.de\/blog\/wp-content\/uploads\/2014\/05\/wollfestival-hamburg.png\"><img decoding=\"async\" loading=\"lazy\" class=\"aligncenter\" alt=\"wollfestival hamburg\" src=\"https:\/\/www.linksgestrickt.de\/blog\/wp-content\/uploads\/2014\/05\/wollfestival-hamburg.png\" width=\"350\" height=\"248\" \/><\/a><\/p>\n<p>Und weil man ja schon (m\u00f6glicherweise mit Auto) durch Deutschland oder gar Europa unterwegs ist,selbst am Steuer sitzt, eingestimmt auf Stricken, H\u00e4keln und Wolle, dem leistet der Ravelry Road Planner gute Dienste. Ich muss gestehen, ich habe ihn erst vor kurzem auf der Yarn-Index-Seite gefunden, direkt unter den beliebtesten Garnen (siehe unten). Eine sehr sch\u00f6ne Erg\u00e4nzung wie ich finde!<\/p>\n<p><a href=\"https:\/\/www.linksgestrickt.de\/blog\/wp-content\/uploads\/2014\/05\/Roadplanner.jpg\"><img decoding=\"async\" loading=\"lazy\" class=\"aligncenter size-full wp-image-1072\" alt=\"Roadplanner\" src=\"https:\/\/www.linksgestrickt.de\/blog\/wp-content\/uploads\/2014\/05\/Roadplanner.jpg\" width=\"600\" height=\"530\" srcset=\"https:\/\/www.linksgestrickt.de\/blog\/wp-content\/uploads\/2014\/05\/Roadplanner.jpg 600w, https:\/\/www.linksgestrickt.de\/blog\/wp-content\/uploads\/2014\/05\/Roadplanner-300x265.jpg 300w\" sizes=\"(max-width: 600px) 100vw, 600px\" \/><\/a><\/p>\n<p>In jedem Falle wird der bei uns diesen Sommer zum Einsatz kommen \ud83d\ude42<\/p>\n<p>&nbsp;<\/p>\n<p style=\"text-align: center;\">\n<p>&nbsp;<\/p>\n<p style=\"text-align: center;\">\n<p>&nbsp;<\/p>\n","protected":false},"excerpt":{"rendered":"<p>Wer von Euch schon konkrete Reisepl\u00e4ne f\u00fcr diesen Sommer schmiedet und sich im August und September ein Wochenende frei nehmen kann, dem seien diese beiden Wollfeste ans Herz gelegt: Diesen Sommer finden zwei Wollfeste statt, eins in K\u00f6ln vom 9.8-10.8. 2014 sowie etwas n\u00f6rdlicher gelegen vom 6.9-7.9.2014 in Hamburg. Ich denke, dass Euch da f\u00fcr&#8230;<\/p>\n","protected":false},"author":1,"featured_media":1074,"comment_status":"open","ping_status":"open","sticky":false,"template":"","format":"standard","meta":{"footnotes":""},"categories":[11,18,51,15,13],"tags":[45,48,33,47,10],"yoast_head":"<!-- This site is optimized with the Yoast SEO plugin v21.1 - https:\/\/yoast.com\/wordpress\/plugins\/seo\/ -->\n<title>Wollfeste 2014 und der Ravelry Road Planner<\/title>\n<meta name=\"robots\" content=\"index, follow, max-snippet:-1, max-image-preview:large, max-video-preview:-1\" \/>\n<link rel=\"canonical\" href=\"https:\/\/www.linksgestrickt.de\/blog\/2014\/05\/15\/wollfeste-2014-und-der-ravelry-road-planner\/\" \/>\n<meta property=\"og:locale\" content=\"en_US\" \/>\n<meta property=\"og:type\" content=\"article\" \/>\n<meta property=\"og:title\" content=\"Wollfeste 2014 und der Ravelry Road Planner\" \/>\n<meta property=\"og:description\" content=\"Wer von Euch schon konkrete Reisepl\u00e4ne f\u00fcr diesen Sommer schmiedet und sich im August und September ein Wochenende frei nehmen kann, dem seien diese beiden Wollfeste ans Herz gelegt: Diesen Sommer finden zwei Wollfeste statt, eins in K\u00f6ln vom 9.8-10.8. 2014 sowie etwas n\u00f6rdlicher gelegen vom 6.9-7.9.2014 in Hamburg. Ich denke, dass Euch da f\u00fcr...\" \/>\n<meta property=\"og:url\" content=\"https:\/\/www.linksgestrickt.de\/blog\/2014\/05\/15\/wollfeste-2014-und-der-ravelry-road-planner\/\" \/>\n<meta property=\"article:published_time\" content=\"2014-05-15T10:38:05+00:00\" \/>\n<meta property=\"og:image\" content=\"https:\/\/www.linksgestrickt.de\/blog\/wp-content\/uploads\/2014\/05\/wollfestival-hamburg.png\" \/>\n\t<meta property=\"og:image:width\" content=\"500\" \/>\n\t<meta property=\"og:image:height\" content=\"354\" \/>\n\t<meta property=\"og:image:type\" content=\"image\/png\" \/>\n<meta name=\"author\" content=\"Patricia\" \/>\n<meta name=\"twitter:label1\" content=\"Written by\" \/>\n\t<meta name=\"twitter:data1\" content=\"Patricia\" \/>\n\t<meta name=\"twitter:label2\" content=\"Est. reading time\" \/>\n\t<meta name=\"twitter:data2\" content=\"1 minute\" \/>\n<script type=\"application\/ld+json\" class=\"yoast-schema-graph\">{\"@context\":\"https:\/\/schema.org\",\"@graph\":[{\"@type\":\"WebPage\",\"@id\":\"https:\/\/www.linksgestrickt.de\/blog\/2014\/05\/15\/wollfeste-2014-und-der-ravelry-road-planner\/\",\"url\":\"https:\/\/www.linksgestrickt.de\/blog\/2014\/05\/15\/wollfeste-2014-und-der-ravelry-road-planner\/\",\"name\":\"Wollfeste 2014 und der Ravelry Road Planner\",\"isPartOf\":{\"@id\":\"https:\/\/www.linksgestrickt.de\/blog\/#website\"},\"datePublished\":\"2014-05-15T10:38:05+00:00\",\"dateModified\":\"2014-05-15T10:38:05+00:00\",\"author\":{\"@id\":\"https:\/\/www.linksgestrickt.de\/blog\/#\/schema\/person\/956849e894b2cbf6c193771750b795b2\"},\"inLanguage\":\"en-US\",\"potentialAction\":[{\"@type\":\"ReadAction\",\"target\":[\"https:\/\/www.linksgestrickt.de\/blog\/2014\/05\/15\/wollfeste-2014-und-der-ravelry-road-planner\/\"]}]},{\"@type\":\"WebSite\",\"@id\":\"https:\/\/www.linksgestrickt.de\/blog\/#website\",\"url\":\"https:\/\/www.linksgestrickt.de\/blog\/\",\"name\":\"\",\"description\":\"nie mehr den Faden verlieren\",\"potentialAction\":[{\"@type\":\"SearchAction\",\"target\":{\"@type\":\"EntryPoint\",\"urlTemplate\":\"https:\/\/www.linksgestrickt.de\/blog\/?s={search_term_string}\"},\"query-input\":\"required name=search_term_string\"}],\"inLanguage\":\"en-US\"},{\"@type\":\"Person\",\"@id\":\"https:\/\/www.linksgestrickt.de\/blog\/#\/schema\/person\/956849e894b2cbf6c193771750b795b2\",\"name\":\"Patricia\",\"image\":{\"@type\":\"ImageObject\",\"inLanguage\":\"en-US\",\"@id\":\"https:\/\/www.linksgestrickt.de\/blog\/#\/schema\/person\/image\/\",\"url\":\"https:\/\/secure.gravatar.com\/avatar\/afa3270040307cf0ac53166e712c5f65?s=96&d=mm&r=g\",\"contentUrl\":\"https:\/\/secure.gravatar.com\/avatar\/afa3270040307cf0ac53166e712c5f65?s=96&d=mm&r=g\",\"caption\":\"Patricia\"},\"url\":\"https:\/\/www.linksgestrickt.de\/blog\/author\/patfis\/\"}]}<\/script>\n<!-- \/ Yoast SEO plugin. -->","yoast_head_json":{"title":"Wollfeste 2014 und der Ravelry Road Planner","robots":{"index":"index","follow":"follow","max-snippet":"max-snippet:-1","max-image-preview":"max-image-preview:large","max-video-preview":"max-video-preview:-1"},"canonical":"https:\/\/www.linksgestrickt.de\/blog\/2014\/05\/15\/wollfeste-2014-und-der-ravelry-road-planner\/","og_locale":"en_US","og_type":"article","og_title":"Wollfeste 2014 und der Ravelry Road Planner","og_description":"Wer von Euch schon konkrete Reisepl\u00e4ne f\u00fcr diesen Sommer schmiedet und sich im August und September ein Wochenende frei nehmen kann, dem seien diese beiden Wollfeste ans Herz gelegt: Diesen Sommer finden zwei Wollfeste statt, eins in K\u00f6ln vom 9.8-10.8. 2014 sowie etwas n\u00f6rdlicher gelegen vom 6.9-7.9.2014 in Hamburg. Ich denke, dass Euch da f\u00fcr...","og_url":"https:\/\/www.linksgestrickt.de\/blog\/2014\/05\/15\/wollfeste-2014-und-der-ravelry-road-planner\/","article_published_time":"2014-05-15T10:38:05+00:00","og_image":[{"width":500,"height":354,"url":"https:\/\/www.linksgestrickt.de\/blog\/wp-content\/uploads\/2014\/05\/wollfestival-hamburg.png","type":"image\/png"}],"author":"Patricia","twitter_misc":{"Written by":"Patricia","Est. reading time":"1 minute"},"schema":{"@context":"https:\/\/schema.org","@graph":[{"@type":"WebPage","@id":"https:\/\/www.linksgestrickt.de\/blog\/2014\/05\/15\/wollfeste-2014-und-der-ravelry-road-planner\/","url":"https:\/\/www.linksgestrickt.de\/blog\/2014\/05\/15\/wollfeste-2014-und-der-ravelry-road-planner\/","name":"Wollfeste 2014 und der Ravelry Road Planner","isPartOf":{"@id":"https:\/\/www.linksgestrickt.de\/blog\/#website"},"datePublished":"2014-05-15T10:38:05+00:00","dateModified":"2014-05-15T10:38:05+00:00","author":{"@id":"https:\/\/www.linksgestrickt.de\/blog\/#\/schema\/person\/956849e894b2cbf6c193771750b795b2"},"inLanguage":"en-US","potentialAction":[{"@type":"ReadAction","target":["https:\/\/www.linksgestrickt.de\/blog\/2014\/05\/15\/wollfeste-2014-und-der-ravelry-road-planner\/"]}]},{"@type":"WebSite","@id":"https:\/\/www.linksgestrickt.de\/blog\/#website","url":"https:\/\/www.linksgestrickt.de\/blog\/","name":"","description":"nie mehr den Faden verlieren","potentialAction":[{"@type":"SearchAction","target":{"@type":"EntryPoint","urlTemplate":"https:\/\/www.linksgestrickt.de\/blog\/?s={search_term_string}"},"query-input":"required name=search_term_string"}],"inLanguage":"en-US"},{"@type":"Person","@id":"https:\/\/www.linksgestrickt.de\/blog\/#\/schema\/person\/956849e894b2cbf6c193771750b795b2","name":"Patricia","image":{"@type":"ImageObject","inLanguage":"en-US","@id":"https:\/\/www.linksgestrickt.de\/blog\/#\/schema\/person\/image\/","url":"https:\/\/secure.gravatar.com\/avatar\/afa3270040307cf0ac53166e712c5f65?s=96&d=mm&r=g","contentUrl":"https:\/\/secure.gravatar.com\/avatar\/afa3270040307cf0ac53166e712c5f65?s=96&d=mm&r=g","caption":"Patricia"},"url":"https:\/\/www.linksgestrickt.de\/blog\/author\/patfis\/"}]}},"_links":{"self":[{"href":"https:\/\/www.linksgestrickt.de\/blog\/wp-json\/wp\/v2\/posts\/1070"}],"collection":[{"href":"https:\/\/www.linksgestrickt.de\/blog\/wp-json\/wp\/v2\/posts"}],"about":[{"href":"https:\/\/www.linksgestrickt.de\/blog\/wp-json\/wp\/v2\/types\/post"}],"author":[{"embeddable":true,"href":"https:\/\/www.linksgestrickt.de\/blog\/wp-json\/wp\/v2\/users\/1"}],"replies":[{"embeddable":true,"href":"https:\/\/www.linksgestrickt.de\/blog\/wp-json\/wp\/v2\/comments?post=1070"}],"version-history":[{"count":10,"href":"https:\/\/www.linksgestrickt.de\/blog\/wp-json\/wp\/v2\/posts\/1070\/revisions"}],"predecessor-version":[{"id":1083,"href":"https:\/\/www.linksgestrickt.de\/blog\/wp-json\/wp\/v2\/posts\/1070\/revisions\/1083"}],"wp:featuredmedia":[{"embeddable":true,"href":"https:\/\/www.linksgestrickt.de\/blog\/wp-json\/wp\/v2\/media\/1074"}],"wp:attachment":[{"href":"https:\/\/www.linksgestrickt.de\/blog\/wp-json\/wp\/v2\/media?parent=1070"}],"wp:term":[{"taxonomy":"category","embeddable":true,"href":"https:\/\/www.linksgestrickt.de\/blog\/wp-json\/wp\/v2\/categories?post=1070"},{"taxonomy":"post_tag","embeddable":true,"href":"https:\/\/www.linksgestrickt.de\/blog\/wp-json\/wp\/v2\/tags?post=1070"}],"curies":[{"name":"wp","href":"https:\/\/api.w.org\/{rel}","templated":true}]}}