{"id":1249,"date":"2014-06-17T21:09:38","date_gmt":"2014-06-17T19:09:38","guid":{"rendered":"http:\/\/www.linksgestrickt.de\/blog\/?p=1249"},"modified":"2014-06-17T21:10:12","modified_gmt":"2014-06-17T19:10:12","slug":"brooklyn-tweed-kids","status":"publish","type":"post","link":"https:\/\/www.linksgestrickt.de\/blog\/2014\/06\/17\/brooklyn-tweed-kids\/","title":{"rendered":"Brooklyn Tweed Kids"},"content":{"rendered":"<p>Ich wei\u00df nicht wie es Euch geht, aber wenn mich der Newsletter von Brooklyn Tweed erreicht, in dem die Ver\u00f6ffentlichung neuer Strickmodelle angek\u00fcndigt wird, zieht es mich magisch auf deren Seiten. So war es dann auch heute mal wieder als Brooklyn Tweed ihre neue Kollektion f\u00fcr Kinder vorstellte. Was mir besonders gef\u00e4llt: dass viele Modelle sowohl Jungs als auch M\u00e4dchen tragen k\u00f6nnen.\u00a0 Zugegeben, es sind keine Sommersachen dabei, aber f\u00fcr alle StrickerInnen, die auch kleine Menschen bestricken, ist der n\u00e4chste Herbst\/Winter gerettet!<\/p>\n<p>Hier meine Lieblingsprojekte:<\/p>\n<p style=\"text-align: left;\"><a title=\"Link zu Brooklyn Tweed\" href=\"http:\/\/brooklyntweed.com\/store\/index.php?main_page=product_info&amp;cPath=2&amp;products_id=295\" target=\"_blank\">Berenice<\/a> von Julie Hoover<a href=\"https:\/\/www.linksgestrickt.de\/blog\/wp-content\/uploads\/2014\/06\/Berenice.jpg\"><img decoding=\"async\" loading=\"lazy\" class=\"aligncenter  wp-image-1253\" alt=\"Berenice\" src=\"https:\/\/www.linksgestrickt.de\/blog\/wp-content\/uploads\/2014\/06\/Berenice.jpg\" width=\"320\" height=\"480\" srcset=\"https:\/\/www.linksgestrickt.de\/blog\/wp-content\/uploads\/2014\/06\/Berenice.jpg 400w, https:\/\/www.linksgestrickt.de\/blog\/wp-content\/uploads\/2014\/06\/Berenice-200x300.jpg 200w\" sizes=\"(max-width: 320px) 100vw, 320px\" \/><\/a><\/p>\n<p style=\"text-align: center;\">\u00a9 Brooklyn Tweed\/Jared Flood<\/p>\n<p style=\"text-align: left;\"><a title=\"Link zu Brooklyn Tweed\" href=\"http:\/\/brooklyntweed.com\/store\/index.php?main_page=product_info&amp;cPath=2&amp;products_id=304\" target=\"_blank\">Vika<\/a> von Veronik Avery:<\/p>\n<p style=\"text-align: center;\"><a href=\"https:\/\/www.linksgestrickt.de\/blog\/wp-content\/uploads\/2014\/06\/Vika.jpg\"><img decoding=\"async\" loading=\"lazy\" class=\"aligncenter  wp-image-1256\" alt=\"Vika\" src=\"https:\/\/www.linksgestrickt.de\/blog\/wp-content\/uploads\/2014\/06\/Vika.jpg\" width=\"320\" height=\"480\" srcset=\"https:\/\/www.linksgestrickt.de\/blog\/wp-content\/uploads\/2014\/06\/Vika.jpg 400w, https:\/\/www.linksgestrickt.de\/blog\/wp-content\/uploads\/2014\/06\/Vika-200x300.jpg 200w\" sizes=\"(max-width: 320px) 100vw, 320px\" \/><\/a>\u00a9 Brooklyn Tweed\/Jared Flood<\/p>\n<p style=\"text-align: left;\"><a title=\"Link zu Brooklyn Tweed\" href=\"http:\/\/brooklyntweed.com\/store\/index.php?main_page=product_info&amp;cPath=2&amp;products_id=292\" target=\"_blank\">Arlo<\/a> von Michele Wang:<\/p>\n<p style=\"text-align: center;\"><a href=\"https:\/\/www.linksgestrickt.de\/blog\/wp-content\/uploads\/2014\/06\/Arlo.jpg\"><img decoding=\"async\" loading=\"lazy\" class=\"aligncenter  wp-image-1258\" alt=\"Arlo\" src=\"https:\/\/www.linksgestrickt.de\/blog\/wp-content\/uploads\/2014\/06\/Arlo.jpg\" width=\"320\" height=\"480\" srcset=\"https:\/\/www.linksgestrickt.de\/blog\/wp-content\/uploads\/2014\/06\/Arlo.jpg 400w, https:\/\/www.linksgestrickt.de\/blog\/wp-content\/uploads\/2014\/06\/Arlo-200x300.jpg 200w\" sizes=\"(max-width: 320px) 100vw, 320px\" \/><\/a>\u00a9 Brooklyn Tweed\/Jared Flood<\/p>\n<p style=\"text-align: left;\"><a title=\"Link zu Brooklyn Tweed\" href=\"http:\/\/brooklyntweed.com\/store\/index.php?main_page=product_info&amp;cPath=2&amp;products_id=294\" target=\"_blank\">Bairn<\/a> von Julie Hoover:<\/p>\n<p style=\"text-align: center;\"><a href=\"https:\/\/www.linksgestrickt.de\/blog\/wp-content\/uploads\/2014\/06\/bairn.jpg\"><img decoding=\"async\" loading=\"lazy\" class=\"aligncenter  wp-image-1259\" alt=\"bairn\" src=\"https:\/\/www.linksgestrickt.de\/blog\/wp-content\/uploads\/2014\/06\/bairn.jpg\" width=\"320\" height=\"480\" srcset=\"https:\/\/www.linksgestrickt.de\/blog\/wp-content\/uploads\/2014\/06\/bairn.jpg 400w, https:\/\/www.linksgestrickt.de\/blog\/wp-content\/uploads\/2014\/06\/bairn-200x300.jpg 200w\" sizes=\"(max-width: 320px) 100vw, 320px\" \/><\/a>\u00a9 Brooklyn Tweed\/Jared Flood<\/p>\n<p>&nbsp;<\/p>\n","protected":false},"excerpt":{"rendered":"<p>Ich wei\u00df nicht wie es Euch geht, aber wenn mich der Newsletter von Brooklyn Tweed erreicht, in dem die Ver\u00f6ffentlichung neuer Strickmodelle angek\u00fcndigt wird, zieht es mich magisch auf deren Seiten. So war es dann auch heute mal wieder als Brooklyn Tweed ihre neue Kollektion f\u00fcr Kinder vorstellte. Was mir besonders gef\u00e4llt: dass viele Modelle&#8230;<\/p>\n","protected":false},"author":1,"featured_media":1253,"comment_status":"open","ping_status":"open","sticky":false,"template":"","format":"standard","meta":{"footnotes":""},"categories":[37,30,12,18,19,15],"tags":[46,48,47,10],"yoast_head":"<!-- This site is optimized with the Yoast SEO plugin v21.1 - https:\/\/yoast.com\/wordpress\/plugins\/seo\/ -->\n<title>Brooklyn Tweed Kids<\/title>\n<meta name=\"robots\" content=\"index, follow, max-snippet:-1, max-image-preview:large, max-video-preview:-1\" \/>\n<link rel=\"canonical\" href=\"https:\/\/www.linksgestrickt.de\/blog\/2014\/06\/17\/brooklyn-tweed-kids\/\" \/>\n<meta property=\"og:locale\" content=\"en_US\" \/>\n<meta property=\"og:type\" content=\"article\" \/>\n<meta property=\"og:title\" content=\"Brooklyn Tweed Kids\" \/>\n<meta property=\"og:description\" content=\"Ich wei\u00df nicht wie es Euch geht, aber wenn mich der Newsletter von Brooklyn Tweed erreicht, in dem die Ver\u00f6ffentlichung neuer Strickmodelle angek\u00fcndigt wird, zieht es mich magisch auf deren Seiten. So war es dann auch heute mal wieder als Brooklyn Tweed ihre neue Kollektion f\u00fcr Kinder vorstellte. Was mir besonders gef\u00e4llt: dass viele Modelle...\" \/>\n<meta property=\"og:url\" content=\"https:\/\/www.linksgestrickt.de\/blog\/2014\/06\/17\/brooklyn-tweed-kids\/\" \/>\n<meta property=\"article:published_time\" content=\"2014-06-17T19:09:38+00:00\" \/>\n<meta property=\"article:modified_time\" content=\"2014-06-17T19:10:12+00:00\" \/>\n<meta property=\"og:image\" content=\"https:\/\/www.linksgestrickt.de\/blog\/wp-content\/uploads\/2014\/06\/Berenice.jpg\" \/>\n\t<meta property=\"og:image:width\" content=\"400\" \/>\n\t<meta property=\"og:image:height\" content=\"600\" \/>\n\t<meta property=\"og:image:type\" content=\"image\/jpeg\" \/>\n<meta name=\"author\" content=\"Patricia\" \/>\n<meta name=\"twitter:label1\" content=\"Written by\" \/>\n\t<meta name=\"twitter:data1\" content=\"Patricia\" \/>\n\t<meta name=\"twitter:label2\" content=\"Est. reading time\" \/>\n\t<meta name=\"twitter:data2\" content=\"1 minute\" \/>\n<script type=\"application\/ld+json\" class=\"yoast-schema-graph\">{\"@context\":\"https:\/\/schema.org\",\"@graph\":[{\"@type\":\"WebPage\",\"@id\":\"https:\/\/www.linksgestrickt.de\/blog\/2014\/06\/17\/brooklyn-tweed-kids\/\",\"url\":\"https:\/\/www.linksgestrickt.de\/blog\/2014\/06\/17\/brooklyn-tweed-kids\/\",\"name\":\"Brooklyn Tweed Kids\",\"isPartOf\":{\"@id\":\"https:\/\/www.linksgestrickt.de\/blog\/#website\"},\"datePublished\":\"2014-06-17T19:09:38+00:00\",\"dateModified\":\"2014-06-17T19:10:12+00:00\",\"author\":{\"@id\":\"https:\/\/www.linksgestrickt.de\/blog\/#\/schema\/person\/956849e894b2cbf6c193771750b795b2\"},\"inLanguage\":\"en-US\",\"potentialAction\":[{\"@type\":\"ReadAction\",\"target\":[\"https:\/\/www.linksgestrickt.de\/blog\/2014\/06\/17\/brooklyn-tweed-kids\/\"]}]},{\"@type\":\"WebSite\",\"@id\":\"https:\/\/www.linksgestrickt.de\/blog\/#website\",\"url\":\"https:\/\/www.linksgestrickt.de\/blog\/\",\"name\":\"\",\"description\":\"nie mehr den Faden verlieren\",\"potentialAction\":[{\"@type\":\"SearchAction\",\"target\":{\"@type\":\"EntryPoint\",\"urlTemplate\":\"https:\/\/www.linksgestrickt.de\/blog\/?s={search_term_string}\"},\"query-input\":\"required name=search_term_string\"}],\"inLanguage\":\"en-US\"},{\"@type\":\"Person\",\"@id\":\"https:\/\/www.linksgestrickt.de\/blog\/#\/schema\/person\/956849e894b2cbf6c193771750b795b2\",\"name\":\"Patricia\",\"image\":{\"@type\":\"ImageObject\",\"inLanguage\":\"en-US\",\"@id\":\"https:\/\/www.linksgestrickt.de\/blog\/#\/schema\/person\/image\/\",\"url\":\"https:\/\/secure.gravatar.com\/avatar\/afa3270040307cf0ac53166e712c5f65?s=96&d=mm&r=g\",\"contentUrl\":\"https:\/\/secure.gravatar.com\/avatar\/afa3270040307cf0ac53166e712c5f65?s=96&d=mm&r=g\",\"caption\":\"Patricia\"},\"url\":\"https:\/\/www.linksgestrickt.de\/blog\/author\/patfis\/\"}]}<\/script>\n<!-- \/ Yoast SEO plugin. -->","yoast_head_json":{"title":"Brooklyn Tweed Kids","robots":{"index":"index","follow":"follow","max-snippet":"max-snippet:-1","max-image-preview":"max-image-preview:large","max-video-preview":"max-video-preview:-1"},"canonical":"https:\/\/www.linksgestrickt.de\/blog\/2014\/06\/17\/brooklyn-tweed-kids\/","og_locale":"en_US","og_type":"article","og_title":"Brooklyn Tweed Kids","og_description":"Ich wei\u00df nicht wie es Euch geht, aber wenn mich der Newsletter von Brooklyn Tweed erreicht, in dem die Ver\u00f6ffentlichung neuer Strickmodelle angek\u00fcndigt wird, zieht es mich magisch auf deren Seiten. So war es dann auch heute mal wieder als Brooklyn Tweed ihre neue Kollektion f\u00fcr Kinder vorstellte. Was mir besonders gef\u00e4llt: dass viele Modelle...","og_url":"https:\/\/www.linksgestrickt.de\/blog\/2014\/06\/17\/brooklyn-tweed-kids\/","article_published_time":"2014-06-17T19:09:38+00:00","article_modified_time":"2014-06-17T19:10:12+00:00","og_image":[{"width":400,"height":600,"url":"https:\/\/www.linksgestrickt.de\/blog\/wp-content\/uploads\/2014\/06\/Berenice.jpg","type":"image\/jpeg"}],"author":"Patricia","twitter_misc":{"Written by":"Patricia","Est. reading time":"1 minute"},"schema":{"@context":"https:\/\/schema.org","@graph":[{"@type":"WebPage","@id":"https:\/\/www.linksgestrickt.de\/blog\/2014\/06\/17\/brooklyn-tweed-kids\/","url":"https:\/\/www.linksgestrickt.de\/blog\/2014\/06\/17\/brooklyn-tweed-kids\/","name":"Brooklyn Tweed Kids","isPartOf":{"@id":"https:\/\/www.linksgestrickt.de\/blog\/#website"},"datePublished":"2014-06-17T19:09:38+00:00","dateModified":"2014-06-17T19:10:12+00:00","author":{"@id":"https:\/\/www.linksgestrickt.de\/blog\/#\/schema\/person\/956849e894b2cbf6c193771750b795b2"},"inLanguage":"en-US","potentialAction":[{"@type":"ReadAction","target":["https:\/\/www.linksgestrickt.de\/blog\/2014\/06\/17\/brooklyn-tweed-kids\/"]}]},{"@type":"WebSite","@id":"https:\/\/www.linksgestrickt.de\/blog\/#website","url":"https:\/\/www.linksgestrickt.de\/blog\/","name":"","description":"nie mehr den Faden verlieren","potentialAction":[{"@type":"SearchAction","target":{"@type":"EntryPoint","urlTemplate":"https:\/\/www.linksgestrickt.de\/blog\/?s={search_term_string}"},"query-input":"required name=search_term_string"}],"inLanguage":"en-US"},{"@type":"Person","@id":"https:\/\/www.linksgestrickt.de\/blog\/#\/schema\/person\/956849e894b2cbf6c193771750b795b2","name":"Patricia","image":{"@type":"ImageObject","inLanguage":"en-US","@id":"https:\/\/www.linksgestrickt.de\/blog\/#\/schema\/person\/image\/","url":"https:\/\/secure.gravatar.com\/avatar\/afa3270040307cf0ac53166e712c5f65?s=96&d=mm&r=g","contentUrl":"https:\/\/secure.gravatar.com\/avatar\/afa3270040307cf0ac53166e712c5f65?s=96&d=mm&r=g","caption":"Patricia"},"url":"https:\/\/www.linksgestrickt.de\/blog\/author\/patfis\/"}]}},"_links":{"self":[{"href":"https:\/\/www.linksgestrickt.de\/blog\/wp-json\/wp\/v2\/posts\/1249"}],"collection":[{"href":"https:\/\/www.linksgestrickt.de\/blog\/wp-json\/wp\/v2\/posts"}],"about":[{"href":"https:\/\/www.linksgestrickt.de\/blog\/wp-json\/wp\/v2\/types\/post"}],"author":[{"embeddable":true,"href":"https:\/\/www.linksgestrickt.de\/blog\/wp-json\/wp\/v2\/users\/1"}],"replies":[{"embeddable":true,"href":"https:\/\/www.linksgestrickt.de\/blog\/wp-json\/wp\/v2\/comments?post=1249"}],"version-history":[{"count":7,"href":"https:\/\/www.linksgestrickt.de\/blog\/wp-json\/wp\/v2\/posts\/1249\/revisions"}],"predecessor-version":[{"id":1263,"href":"https:\/\/www.linksgestrickt.de\/blog\/wp-json\/wp\/v2\/posts\/1249\/revisions\/1263"}],"wp:featuredmedia":[{"embeddable":true,"href":"https:\/\/www.linksgestrickt.de\/blog\/wp-json\/wp\/v2\/media\/1253"}],"wp:attachment":[{"href":"https:\/\/www.linksgestrickt.de\/blog\/wp-json\/wp\/v2\/media?parent=1249"}],"wp:term":[{"taxonomy":"category","embeddable":true,"href":"https:\/\/www.linksgestrickt.de\/blog\/wp-json\/wp\/v2\/categories?post=1249"},{"taxonomy":"post_tag","embeddable":true,"href":"https:\/\/www.linksgestrickt.de\/blog\/wp-json\/wp\/v2\/tags?post=1249"}],"curies":[{"name":"wp","href":"https:\/\/api.w.org\/{rel}","templated":true}]}}