{"id":1350,"date":"2014-10-07T11:46:20","date_gmt":"2014-10-07T09:46:20","guid":{"rendered":"http:\/\/www.linksgestrickt.de\/blog\/?p=1350"},"modified":"2014-10-07T11:59:07","modified_gmt":"2014-10-07T09:59:07","slug":"neue-vorbestellungsrunde-cascade-yarns","status":"publish","type":"post","link":"https:\/\/www.linksgestrickt.de\/blog\/2014\/10\/07\/neue-vorbestellungsrunde-cascade-yarns\/","title":{"rendered":"Neue Vorbestellungsrunde: Cascade Yarns"},"content":{"rendered":"<p>Es ist wieder soweit! Wir wollen unser Lager mit Cascade Yarns auff\u00fcllen und m\u00f6chten Euch die Gelegenheit bieten, Eure Lieblingsfarben in den Qualit\u00e4ten Cascade 220, Cascade 220 Heathers sowie 220 Superwash und Heritage vorzubestellen.<\/p>\n<p>Eure Vorbestellungen k\u00f6nnt Ihr gerne bis zum 14.10.2014 an info@linksgestrickt.de senden. N\u00e4here Informationen schicke ich Euch dann per Email!<\/p>\n<p><img decoding=\"async\" loading=\"lazy\" class=\"aligncenter wp-image-639\" src=\"https:\/\/www.linksgestrickt.de\/blog\/wp-content\/uploads\/2013\/07\/Cascade.jpg\" alt=\"Cascade\" width=\"400\" height=\"452\" srcset=\"https:\/\/www.linksgestrickt.de\/blog\/wp-content\/uploads\/2013\/07\/Cascade.jpg 877w, https:\/\/www.linksgestrickt.de\/blog\/wp-content\/uploads\/2013\/07\/Cascade-265x300.jpg 265w\" sizes=\"(max-width: 400px) 100vw, 400px\" \/><\/p>\n<p>&nbsp;<\/p>\n","protected":false},"excerpt":{"rendered":"<p>Es ist wieder soweit! Wir wollen unser Lager mit Cascade Yarns auff\u00fcllen und m\u00f6chten Euch die Gelegenheit bieten, Eure Lieblingsfarben in den Qualit\u00e4ten Cascade 220, Cascade 220 Heathers sowie 220 Superwash und Heritage vorzubestellen. Eure Vorbestellungen k\u00f6nnt Ihr gerne bis zum 14.10.2014 an info@linksgestrickt.de senden. N\u00e4here Informationen schicke ich Euch dann per Email! &nbsp;<\/p>\n","protected":false},"author":1,"featured_media":639,"comment_status":"open","ping_status":"open","sticky":false,"template":"","format":"standard","meta":{"footnotes":""},"categories":[23,22],"tags":[49,36,10],"yoast_head":"<!-- This site is optimized with the Yoast SEO plugin v21.1 - https:\/\/yoast.com\/wordpress\/plugins\/seo\/ -->\n<title>Neue Vorbestellungsrunde: Cascade Yarns<\/title>\n<meta name=\"robots\" content=\"index, follow, max-snippet:-1, max-image-preview:large, max-video-preview:-1\" \/>\n<link rel=\"canonical\" href=\"https:\/\/www.linksgestrickt.de\/blog\/2014\/10\/07\/neue-vorbestellungsrunde-cascade-yarns\/\" \/>\n<meta property=\"og:locale\" content=\"en_US\" \/>\n<meta property=\"og:type\" content=\"article\" \/>\n<meta property=\"og:title\" content=\"Neue Vorbestellungsrunde: Cascade Yarns\" \/>\n<meta property=\"og:description\" content=\"Es ist wieder soweit! Wir wollen unser Lager mit Cascade Yarns auff\u00fcllen und m\u00f6chten Euch die Gelegenheit bieten, Eure Lieblingsfarben in den Qualit\u00e4ten Cascade 220, Cascade 220 Heathers sowie 220 Superwash und Heritage vorzubestellen. Eure Vorbestellungen k\u00f6nnt Ihr gerne bis zum 14.10.2014 an info@linksgestrickt.de senden. N\u00e4here Informationen schicke ich Euch dann per Email! &nbsp;\" \/>\n<meta property=\"og:url\" content=\"https:\/\/www.linksgestrickt.de\/blog\/2014\/10\/07\/neue-vorbestellungsrunde-cascade-yarns\/\" \/>\n<meta property=\"article:published_time\" content=\"2014-10-07T09:46:20+00:00\" \/>\n<meta property=\"article:modified_time\" content=\"2014-10-07T09:59:07+00:00\" \/>\n<meta property=\"og:image\" content=\"https:\/\/www.linksgestrickt.de\/blog\/wp-content\/uploads\/2013\/07\/Cascade.jpg\" \/>\n\t<meta property=\"og:image:width\" content=\"877\" \/>\n\t<meta property=\"og:image:height\" content=\"992\" \/>\n\t<meta property=\"og:image:type\" content=\"image\/jpeg\" \/>\n<meta name=\"author\" content=\"Patricia\" \/>\n<meta name=\"twitter:label1\" content=\"Written by\" \/>\n\t<meta name=\"twitter:data1\" content=\"Patricia\" \/>\n<script type=\"application\/ld+json\" class=\"yoast-schema-graph\">{\"@context\":\"https:\/\/schema.org\",\"@graph\":[{\"@type\":\"WebPage\",\"@id\":\"https:\/\/www.linksgestrickt.de\/blog\/2014\/10\/07\/neue-vorbestellungsrunde-cascade-yarns\/\",\"url\":\"https:\/\/www.linksgestrickt.de\/blog\/2014\/10\/07\/neue-vorbestellungsrunde-cascade-yarns\/\",\"name\":\"Neue Vorbestellungsrunde: Cascade Yarns\",\"isPartOf\":{\"@id\":\"https:\/\/www.linksgestrickt.de\/blog\/#website\"},\"datePublished\":\"2014-10-07T09:46:20+00:00\",\"dateModified\":\"2014-10-07T09:59:07+00:00\",\"author\":{\"@id\":\"https:\/\/www.linksgestrickt.de\/blog\/#\/schema\/person\/956849e894b2cbf6c193771750b795b2\"},\"inLanguage\":\"en-US\",\"potentialAction\":[{\"@type\":\"ReadAction\",\"target\":[\"https:\/\/www.linksgestrickt.de\/blog\/2014\/10\/07\/neue-vorbestellungsrunde-cascade-yarns\/\"]}]},{\"@type\":\"WebSite\",\"@id\":\"https:\/\/www.linksgestrickt.de\/blog\/#website\",\"url\":\"https:\/\/www.linksgestrickt.de\/blog\/\",\"name\":\"\",\"description\":\"nie mehr den Faden verlieren\",\"potentialAction\":[{\"@type\":\"SearchAction\",\"target\":{\"@type\":\"EntryPoint\",\"urlTemplate\":\"https:\/\/www.linksgestrickt.de\/blog\/?s={search_term_string}\"},\"query-input\":\"required name=search_term_string\"}],\"inLanguage\":\"en-US\"},{\"@type\":\"Person\",\"@id\":\"https:\/\/www.linksgestrickt.de\/blog\/#\/schema\/person\/956849e894b2cbf6c193771750b795b2\",\"name\":\"Patricia\",\"image\":{\"@type\":\"ImageObject\",\"inLanguage\":\"en-US\",\"@id\":\"https:\/\/www.linksgestrickt.de\/blog\/#\/schema\/person\/image\/\",\"url\":\"https:\/\/secure.gravatar.com\/avatar\/afa3270040307cf0ac53166e712c5f65?s=96&d=mm&r=g\",\"contentUrl\":\"https:\/\/secure.gravatar.com\/avatar\/afa3270040307cf0ac53166e712c5f65?s=96&d=mm&r=g\",\"caption\":\"Patricia\"},\"url\":\"https:\/\/www.linksgestrickt.de\/blog\/author\/patfis\/\"}]}<\/script>\n<!-- \/ Yoast SEO plugin. -->","yoast_head_json":{"title":"Neue Vorbestellungsrunde: Cascade Yarns","robots":{"index":"index","follow":"follow","max-snippet":"max-snippet:-1","max-image-preview":"max-image-preview:large","max-video-preview":"max-video-preview:-1"},"canonical":"https:\/\/www.linksgestrickt.de\/blog\/2014\/10\/07\/neue-vorbestellungsrunde-cascade-yarns\/","og_locale":"en_US","og_type":"article","og_title":"Neue Vorbestellungsrunde: Cascade Yarns","og_description":"Es ist wieder soweit! Wir wollen unser Lager mit Cascade Yarns auff\u00fcllen und m\u00f6chten Euch die Gelegenheit bieten, Eure Lieblingsfarben in den Qualit\u00e4ten Cascade 220, Cascade 220 Heathers sowie 220 Superwash und Heritage vorzubestellen. Eure Vorbestellungen k\u00f6nnt Ihr gerne bis zum 14.10.2014 an info@linksgestrickt.de senden. N\u00e4here Informationen schicke ich Euch dann per Email! &nbsp;","og_url":"https:\/\/www.linksgestrickt.de\/blog\/2014\/10\/07\/neue-vorbestellungsrunde-cascade-yarns\/","article_published_time":"2014-10-07T09:46:20+00:00","article_modified_time":"2014-10-07T09:59:07+00:00","og_image":[{"width":"877","height":"992","url":"https:\/\/www.linksgestrickt.de\/blog\/wp-content\/uploads\/2013\/07\/Cascade.jpg","type":"image\/jpeg"}],"author":"Patricia","twitter_misc":{"Written by":"Patricia"},"schema":{"@context":"https:\/\/schema.org","@graph":[{"@type":"WebPage","@id":"https:\/\/www.linksgestrickt.de\/blog\/2014\/10\/07\/neue-vorbestellungsrunde-cascade-yarns\/","url":"https:\/\/www.linksgestrickt.de\/blog\/2014\/10\/07\/neue-vorbestellungsrunde-cascade-yarns\/","name":"Neue Vorbestellungsrunde: Cascade Yarns","isPartOf":{"@id":"https:\/\/www.linksgestrickt.de\/blog\/#website"},"datePublished":"2014-10-07T09:46:20+00:00","dateModified":"2014-10-07T09:59:07+00:00","author":{"@id":"https:\/\/www.linksgestrickt.de\/blog\/#\/schema\/person\/956849e894b2cbf6c193771750b795b2"},"inLanguage":"en-US","potentialAction":[{"@type":"ReadAction","target":["https:\/\/www.linksgestrickt.de\/blog\/2014\/10\/07\/neue-vorbestellungsrunde-cascade-yarns\/"]}]},{"@type":"WebSite","@id":"https:\/\/www.linksgestrickt.de\/blog\/#website","url":"https:\/\/www.linksgestrickt.de\/blog\/","name":"","description":"nie mehr den Faden verlieren","potentialAction":[{"@type":"SearchAction","target":{"@type":"EntryPoint","urlTemplate":"https:\/\/www.linksgestrickt.de\/blog\/?s={search_term_string}"},"query-input":"required name=search_term_string"}],"inLanguage":"en-US"},{"@type":"Person","@id":"https:\/\/www.linksgestrickt.de\/blog\/#\/schema\/person\/956849e894b2cbf6c193771750b795b2","name":"Patricia","image":{"@type":"ImageObject","inLanguage":"en-US","@id":"https:\/\/www.linksgestrickt.de\/blog\/#\/schema\/person\/image\/","url":"https:\/\/secure.gravatar.com\/avatar\/afa3270040307cf0ac53166e712c5f65?s=96&d=mm&r=g","contentUrl":"https:\/\/secure.gravatar.com\/avatar\/afa3270040307cf0ac53166e712c5f65?s=96&d=mm&r=g","caption":"Patricia"},"url":"https:\/\/www.linksgestrickt.de\/blog\/author\/patfis\/"}]}},"_links":{"self":[{"href":"https:\/\/www.linksgestrickt.de\/blog\/wp-json\/wp\/v2\/posts\/1350"}],"collection":[{"href":"https:\/\/www.linksgestrickt.de\/blog\/wp-json\/wp\/v2\/posts"}],"about":[{"href":"https:\/\/www.linksgestrickt.de\/blog\/wp-json\/wp\/v2\/types\/post"}],"author":[{"embeddable":true,"href":"https:\/\/www.linksgestrickt.de\/blog\/wp-json\/wp\/v2\/users\/1"}],"replies":[{"embeddable":true,"href":"https:\/\/www.linksgestrickt.de\/blog\/wp-json\/wp\/v2\/comments?post=1350"}],"version-history":[{"count":4,"href":"https:\/\/www.linksgestrickt.de\/blog\/wp-json\/wp\/v2\/posts\/1350\/revisions"}],"predecessor-version":[{"id":1354,"href":"https:\/\/www.linksgestrickt.de\/blog\/wp-json\/wp\/v2\/posts\/1350\/revisions\/1354"}],"wp:featuredmedia":[{"embeddable":true,"href":"https:\/\/www.linksgestrickt.de\/blog\/wp-json\/wp\/v2\/media\/639"}],"wp:attachment":[{"href":"https:\/\/www.linksgestrickt.de\/blog\/wp-json\/wp\/v2\/media?parent=1350"}],"wp:term":[{"taxonomy":"category","embeddable":true,"href":"https:\/\/www.linksgestrickt.de\/blog\/wp-json\/wp\/v2\/categories?post=1350"},{"taxonomy":"post_tag","embeddable":true,"href":"https:\/\/www.linksgestrickt.de\/blog\/wp-json\/wp\/v2\/tags?post=1350"}],"curies":[{"name":"wp","href":"https:\/\/api.w.org\/{rel}","templated":true}]}}