{"id":1429,"date":"2015-03-04T12:23:41","date_gmt":"2015-03-04T10:23:41","guid":{"rendered":"http:\/\/www.linksgestrickt.de\/blog\/?p=1429"},"modified":"2016-08-03T10:22:34","modified_gmt":"2016-08-03T08:22:34","slug":"aus-dem-shop-holst-titicaca-und-neue-farben","status":"publish","type":"post","link":"https:\/\/www.linksgestrickt.de\/blog\/2015\/03\/04\/aus-dem-shop-holst-titicaca-und-neue-farben\/","title":{"rendered":"Aus dem Shop: Holst Titicaca und neue Farben"},"content":{"rendered":"<p>Auch wenn es hier im Blog etwas still geworden ist, im Gesch\u00e4ft hat sich einiges getan \ud83d\ude42<\/p>\n<p>Wir haben eine ganze Reihe neuer Farben von Holst erhalten, die ich Euch gerne vorstellen m\u00f6chte und unser Sortiment um das Alpakagarn Titicaca von Holst erweitert.<\/p>\n<p>Vielleicht kennen ja einige von Euch Titicaca schon, ein d\u00fcnnes zweif\u00e4dig gesponnenes Garn aus 100% Alpaka. Es besitzt eine Laufl\u00e4nge von 400m\/50g und eignet sich entweder f\u00fcr feine Lace-Strickereien oder aber als Beilaufgarn zusammen mit anderer Wolle wie Supersoft, Coast usw.<\/p>\n<p><a href=\"https:\/\/www.linksgestrickt.de\/blog\/wp-content\/uploads\/2015\/03\/Amazon.jpg\"><img decoding=\"async\" loading=\"lazy\" class=\" size-full wp-image-1474 alignleft\" src=\"https:\/\/www.linksgestrickt.de\/blog\/wp-content\/uploads\/2015\/03\/Amazon.jpg\" alt=\"Amazon\" width=\"200\" height=\"200\" srcset=\"https:\/\/www.linksgestrickt.de\/blog\/wp-content\/uploads\/2015\/03\/Amazon.jpg 200w, https:\/\/www.linksgestrickt.de\/blog\/wp-content\/uploads\/2015\/03\/Amazon-120x120.jpg 120w, https:\/\/www.linksgestrickt.de\/blog\/wp-content\/uploads\/2015\/03\/Amazon-50x50.jpg 50w\" sizes=\"(max-width: 200px) 100vw, 200px\" \/><\/a> <a href=\"https:\/\/www.linksgestrickt.de\/blog\/wp-content\/uploads\/2015\/03\/Aqua1.jpg\"><img decoding=\"async\" loading=\"lazy\" class=\" size-full wp-image-1475 alignleft\" src=\"https:\/\/www.linksgestrickt.de\/blog\/wp-content\/uploads\/2015\/03\/Aqua1.jpg\" alt=\"Aqua1\" width=\"200\" height=\"200\" srcset=\"https:\/\/www.linksgestrickt.de\/blog\/wp-content\/uploads\/2015\/03\/Aqua1.jpg 200w, https:\/\/www.linksgestrickt.de\/blog\/wp-content\/uploads\/2015\/03\/Aqua1-120x120.jpg 120w, https:\/\/www.linksgestrickt.de\/blog\/wp-content\/uploads\/2015\/03\/Aqua1-50x50.jpg 50w\" sizes=\"(max-width: 200px) 100vw, 200px\" \/><\/a><\/p>\n<p>&nbsp;<\/p>\n<p>&nbsp;<\/p>\n<p>&nbsp;<\/p>\n<p>&nbsp;<\/p>\n<p>Titicaca Amazon<br \/>\nTiticaca Aqua<\/p>\n<p>&nbsp;<\/p>\n<p><a href=\"https:\/\/www.linksgestrickt.de\/blog\/wp-content\/uploads\/2015\/03\/Burnt-Orange.jpg\"><img decoding=\"async\" loading=\"lazy\" class=\" size-full wp-image-1476 alignleft\" src=\"https:\/\/www.linksgestrickt.de\/blog\/wp-content\/uploads\/2015\/03\/Burnt-Orange.jpg\" alt=\"Burnt Orange\" width=\"200\" height=\"200\" srcset=\"https:\/\/www.linksgestrickt.de\/blog\/wp-content\/uploads\/2015\/03\/Burnt-Orange.jpg 200w, https:\/\/www.linksgestrickt.de\/blog\/wp-content\/uploads\/2015\/03\/Burnt-Orange-120x120.jpg 120w, https:\/\/www.linksgestrickt.de\/blog\/wp-content\/uploads\/2015\/03\/Burnt-Orange-50x50.jpg 50w\" sizes=\"(max-width: 200px) 100vw, 200px\" \/><\/a> <a href=\"https:\/\/www.linksgestrickt.de\/blog\/wp-content\/uploads\/2015\/03\/Carbblue.jpg\"><img decoding=\"async\" loading=\"lazy\" class=\" size-full wp-image-1477 alignleft\" src=\"https:\/\/www.linksgestrickt.de\/blog\/wp-content\/uploads\/2015\/03\/Carbblue.jpg\" alt=\"Carbblue\" width=\"200\" height=\"200\" srcset=\"https:\/\/www.linksgestrickt.de\/blog\/wp-content\/uploads\/2015\/03\/Carbblue.jpg 200w, https:\/\/www.linksgestrickt.de\/blog\/wp-content\/uploads\/2015\/03\/Carbblue-120x120.jpg 120w, https:\/\/www.linksgestrickt.de\/blog\/wp-content\/uploads\/2015\/03\/Carbblue-50x50.jpg 50w\" sizes=\"(max-width: 200px) 100vw, 200px\" \/><\/a><\/p>\n<p>&nbsp;<\/p>\n<p>&nbsp;<\/p>\n<p>&nbsp;<\/p>\n<p>&nbsp;<\/p>\n<p>Titicaca Burnt Orange<br \/>\nTiticaca Carbon Blue<\/p>\n<p>&nbsp;<\/p>\n<p><a href=\"https:\/\/www.linksgestrickt.de\/blog\/wp-content\/uploads\/2015\/03\/Carmine.jpg\"><img decoding=\"async\" loading=\"lazy\" class=\" size-full wp-image-1478 alignleft\" src=\"https:\/\/www.linksgestrickt.de\/blog\/wp-content\/uploads\/2015\/03\/Carmine.jpg\" alt=\"Carmine\" width=\"200\" height=\"200\" srcset=\"https:\/\/www.linksgestrickt.de\/blog\/wp-content\/uploads\/2015\/03\/Carmine.jpg 200w, https:\/\/www.linksgestrickt.de\/blog\/wp-content\/uploads\/2015\/03\/Carmine-120x120.jpg 120w, https:\/\/www.linksgestrickt.de\/blog\/wp-content\/uploads\/2015\/03\/Carmine-50x50.jpg 50w\" sizes=\"(max-width: 200px) 100vw, 200px\" \/><\/a> <a href=\"https:\/\/www.linksgestrickt.de\/blog\/wp-content\/uploads\/2015\/03\/Ecru.jpg\"><img decoding=\"async\" loading=\"lazy\" class=\" size-full wp-image-1479 alignleft\" src=\"https:\/\/www.linksgestrickt.de\/blog\/wp-content\/uploads\/2015\/03\/Ecru.jpg\" alt=\"Ecru\" width=\"200\" height=\"200\" srcset=\"https:\/\/www.linksgestrickt.de\/blog\/wp-content\/uploads\/2015\/03\/Ecru.jpg 200w, https:\/\/www.linksgestrickt.de\/blog\/wp-content\/uploads\/2015\/03\/Ecru-120x120.jpg 120w, https:\/\/www.linksgestrickt.de\/blog\/wp-content\/uploads\/2015\/03\/Ecru-50x50.jpg 50w\" sizes=\"(max-width: 200px) 100vw, 200px\" \/><\/a><\/p>\n<p>&nbsp;<\/p>\n<p>&nbsp;<\/p>\n<p>&nbsp;<\/p>\n<p>&nbsp;<\/p>\n<p>Titicaca Carmine<br \/>\nTiticaca Ecru<\/p>\n<p>&nbsp;<\/p>\n<p>&nbsp;<\/p>\n<p><a href=\"https:\/\/www.linksgestrickt.de\/blog\/wp-content\/uploads\/2015\/03\/FlGrey.jpg\"><img decoding=\"async\" loading=\"lazy\" class=\" size-full wp-image-1480 alignleft\" src=\"https:\/\/www.linksgestrickt.de\/blog\/wp-content\/uploads\/2015\/03\/FlGrey.jpg\" alt=\"FlGrey\" width=\"200\" height=\"200\" srcset=\"https:\/\/www.linksgestrickt.de\/blog\/wp-content\/uploads\/2015\/03\/FlGrey.jpg 200w, https:\/\/www.linksgestrickt.de\/blog\/wp-content\/uploads\/2015\/03\/FlGrey-120x120.jpg 120w, https:\/\/www.linksgestrickt.de\/blog\/wp-content\/uploads\/2015\/03\/FlGrey-50x50.jpg 50w\" sizes=\"(max-width: 200px) 100vw, 200px\" \/><\/a> <a href=\"https:\/\/www.linksgestrickt.de\/blog\/wp-content\/uploads\/2015\/03\/Jade1.jpg\"><img decoding=\"async\" loading=\"lazy\" class=\" size-full wp-image-1481 alignleft\" src=\"https:\/\/www.linksgestrickt.de\/blog\/wp-content\/uploads\/2015\/03\/Jade1.jpg\" alt=\"Jade1\" width=\"200\" height=\"200\" srcset=\"https:\/\/www.linksgestrickt.de\/blog\/wp-content\/uploads\/2015\/03\/Jade1.jpg 200w, https:\/\/www.linksgestrickt.de\/blog\/wp-content\/uploads\/2015\/03\/Jade1-120x120.jpg 120w, https:\/\/www.linksgestrickt.de\/blog\/wp-content\/uploads\/2015\/03\/Jade1-50x50.jpg 50w\" sizes=\"(max-width: 200px) 100vw, 200px\" \/><\/a><\/p>\n<p>&nbsp;<\/p>\n<p>&nbsp;<\/p>\n<p>&nbsp;<\/p>\n<p>&nbsp;<\/p>\n<p>Titicaca Flannel Grey<br \/>\nTiticaca Jade<\/p>\n<p>&nbsp;<\/p>\n<p>&nbsp;<\/p>\n<p><a href=\"https:\/\/www.linksgestrickt.de\/blog\/wp-content\/uploads\/2015\/03\/SlGrey.jpg\"><img decoding=\"async\" loading=\"lazy\" class=\" size-full wp-image-1482 alignleft\" src=\"https:\/\/www.linksgestrickt.de\/blog\/wp-content\/uploads\/2015\/03\/SlGrey.jpg\" alt=\"SlGrey\" width=\"200\" height=\"200\" srcset=\"https:\/\/www.linksgestrickt.de\/blog\/wp-content\/uploads\/2015\/03\/SlGrey.jpg 200w, https:\/\/www.linksgestrickt.de\/blog\/wp-content\/uploads\/2015\/03\/SlGrey-120x120.jpg 120w, https:\/\/www.linksgestrickt.de\/blog\/wp-content\/uploads\/2015\/03\/SlGrey-50x50.jpg 50w\" sizes=\"(max-width: 200px) 100vw, 200px\" \/><\/a> <a href=\"https:\/\/www.linksgestrickt.de\/blog\/wp-content\/uploads\/2015\/03\/Mush.jpg\"><img decoding=\"async\" loading=\"lazy\" class=\" size-full wp-image-1483 alignleft\" src=\"https:\/\/www.linksgestrickt.de\/blog\/wp-content\/uploads\/2015\/03\/Mush.jpg\" alt=\"Mush\" width=\"200\" height=\"200\" srcset=\"https:\/\/www.linksgestrickt.de\/blog\/wp-content\/uploads\/2015\/03\/Mush.jpg 200w, https:\/\/www.linksgestrickt.de\/blog\/wp-content\/uploads\/2015\/03\/Mush-120x120.jpg 120w, https:\/\/www.linksgestrickt.de\/blog\/wp-content\/uploads\/2015\/03\/Mush-50x50.jpg 50w\" sizes=\"(max-width: 200px) 100vw, 200px\" \/><\/a><\/p>\n<p>&nbsp;<\/p>\n<p>&nbsp;<\/p>\n<p>&nbsp;<\/p>\n<p>&nbsp;<\/p>\n<p>Titicaca Slate Grey<br \/>\nTiticaca Mushroom<\/p>\n<p>&nbsp;<\/p>\n<p>&nbsp;<\/p>\n<p>&nbsp;<\/p>\n<p>Bei Holst Coast kamen hinzu:<\/p>\n<p>&nbsp;<\/p>\n<p><a href=\"https:\/\/www.linksgestrickt.de\/blog\/wp-content\/uploads\/2015\/03\/Citrus-Kopie.jpg\"><img decoding=\"async\" loading=\"lazy\" class=\" size-full wp-image-1434 alignleft\" src=\"https:\/\/www.linksgestrickt.de\/blog\/wp-content\/uploads\/2015\/03\/Citrus-Kopie.jpg\" alt=\"Citrus - Kopie\" width=\"200\" height=\"200\" srcset=\"https:\/\/www.linksgestrickt.de\/blog\/wp-content\/uploads\/2015\/03\/Citrus-Kopie.jpg 200w, https:\/\/www.linksgestrickt.de\/blog\/wp-content\/uploads\/2015\/03\/Citrus-Kopie-120x120.jpg 120w, https:\/\/www.linksgestrickt.de\/blog\/wp-content\/uploads\/2015\/03\/Citrus-Kopie-50x50.jpg 50w\" sizes=\"(max-width: 200px) 100vw, 200px\" \/><\/a><a href=\"https:\/\/www.linksgestrickt.de\/blog\/wp-content\/uploads\/2015\/03\/Jade.jpg\"><img decoding=\"async\" loading=\"lazy\" class=\" size-full wp-image-1438 alignleft\" src=\"https:\/\/www.linksgestrickt.de\/blog\/wp-content\/uploads\/2015\/03\/Jade.jpg\" alt=\"Jade\" width=\"200\" height=\"200\" srcset=\"https:\/\/www.linksgestrickt.de\/blog\/wp-content\/uploads\/2015\/03\/Jade.jpg 200w, https:\/\/www.linksgestrickt.de\/blog\/wp-content\/uploads\/2015\/03\/Jade-120x120.jpg 120w, https:\/\/www.linksgestrickt.de\/blog\/wp-content\/uploads\/2015\/03\/Jade-50x50.jpg 50w\" sizes=\"(max-width: 200px) 100vw, 200px\" \/><\/a> <a href=\"https:\/\/www.linksgestrickt.de\/blog\/wp-content\/uploads\/2015\/03\/Fairy-Kopie.jpg\"><img decoding=\"async\" loading=\"lazy\" class=\" size-full wp-image-1437 alignleft\" src=\"https:\/\/www.linksgestrickt.de\/blog\/wp-content\/uploads\/2015\/03\/Fairy-Kopie.jpg\" alt=\"Fairy - Kopie\" width=\"200\" height=\"200\" srcset=\"https:\/\/www.linksgestrickt.de\/blog\/wp-content\/uploads\/2015\/03\/Fairy-Kopie.jpg 200w, https:\/\/www.linksgestrickt.de\/blog\/wp-content\/uploads\/2015\/03\/Fairy-Kopie-120x120.jpg 120w, https:\/\/www.linksgestrickt.de\/blog\/wp-content\/uploads\/2015\/03\/Fairy-Kopie-50x50.jpg 50w\" sizes=\"(max-width: 200px) 100vw, 200px\" \/><\/a> <a href=\"https:\/\/www.linksgestrickt.de\/blog\/wp-content\/uploads\/2015\/03\/crimson-Kopie.jpg\"><img decoding=\"async\" loading=\"lazy\" class=\" size-full wp-image-1435 alignleft\" src=\"https:\/\/www.linksgestrickt.de\/blog\/wp-content\/uploads\/2015\/03\/crimson-Kopie.jpg\" alt=\"crimson - Kopie\" width=\"200\" height=\"200\" srcset=\"https:\/\/www.linksgestrickt.de\/blog\/wp-content\/uploads\/2015\/03\/crimson-Kopie.jpg 200w, https:\/\/www.linksgestrickt.de\/blog\/wp-content\/uploads\/2015\/03\/crimson-Kopie-120x120.jpg 120w, https:\/\/www.linksgestrickt.de\/blog\/wp-content\/uploads\/2015\/03\/crimson-Kopie-50x50.jpg 50w\" sizes=\"(max-width: 200px) 100vw, 200px\" \/><\/a> <a href=\"https:\/\/www.linksgestrickt.de\/blog\/wp-content\/uploads\/2015\/03\/Vista.jpg\"><img decoding=\"async\" loading=\"lazy\" class=\" size-full wp-image-1441 alignleft\" src=\"https:\/\/www.linksgestrickt.de\/blog\/wp-content\/uploads\/2015\/03\/Vista.jpg\" alt=\"Vista\" width=\"200\" height=\"200\" srcset=\"https:\/\/www.linksgestrickt.de\/blog\/wp-content\/uploads\/2015\/03\/Vista.jpg 200w, https:\/\/www.linksgestrickt.de\/blog\/wp-content\/uploads\/2015\/03\/Vista-120x120.jpg 120w, https:\/\/www.linksgestrickt.de\/blog\/wp-content\/uploads\/2015\/03\/Vista-50x50.jpg 50w\" sizes=\"(max-width: 200px) 100vw, 200px\" \/><\/a><\/p>\n<p>&nbsp;<\/p>\n<p>&nbsp;<\/p>\n<p>&nbsp;<\/p>\n<p>&nbsp;<\/p>\n<p>Coast Citrus<br \/>\nCoast Jade<\/p>\n<p>&nbsp;<\/p>\n<p>&nbsp;<\/p>\n<p>&nbsp;<\/p>\n<p>&nbsp;<\/p>\n<p>&nbsp;<\/p>\n<p>Coast Fairy<br \/>\nCoast Crimson<\/p>\n<p>&nbsp;<\/p>\n<p>&nbsp;<\/p>\n<p>&nbsp;<\/p>\n<p>&nbsp;<\/p>\n<p>&nbsp;<\/p>\n<p>&nbsp;<\/p>\n<p>Coast Vista<\/p>\n<p>&nbsp;<\/p>\n<p>&nbsp;<\/p>\n<p>&nbsp;<\/p>\n<p style=\"text-align: left;\">Holst Supersoft:<\/p>\n<p>&nbsp;<\/p>\n<p><a href=\"https:\/\/www.linksgestrickt.de\/blog\/wp-content\/uploads\/2015\/03\/Crocus-Kopie.jpg\"><img decoding=\"async\" loading=\"lazy\" class=\" size-full wp-image-1436 alignleft\" src=\"https:\/\/www.linksgestrickt.de\/blog\/wp-content\/uploads\/2015\/03\/Crocus-Kopie.jpg\" alt=\"Crocus - Kopie\" width=\"200\" height=\"200\" srcset=\"https:\/\/www.linksgestrickt.de\/blog\/wp-content\/uploads\/2015\/03\/Crocus-Kopie.jpg 200w, https:\/\/www.linksgestrickt.de\/blog\/wp-content\/uploads\/2015\/03\/Crocus-Kopie-120x120.jpg 120w, https:\/\/www.linksgestrickt.de\/blog\/wp-content\/uploads\/2015\/03\/Crocus-Kopie-50x50.jpg 50w\" sizes=\"(max-width: 200px) 100vw, 200px\" \/><\/a> <a href=\"https:\/\/www.linksgestrickt.de\/blog\/wp-content\/uploads\/2015\/03\/Oatmeal.jpg\"><img decoding=\"async\" loading=\"lazy\" class=\" size-full wp-image-1439 alignleft\" src=\"https:\/\/www.linksgestrickt.de\/blog\/wp-content\/uploads\/2015\/03\/Oatmeal.jpg\" alt=\"Oatmeal\" width=\"200\" height=\"200\" srcset=\"https:\/\/www.linksgestrickt.de\/blog\/wp-content\/uploads\/2015\/03\/Oatmeal.jpg 200w, https:\/\/www.linksgestrickt.de\/blog\/wp-content\/uploads\/2015\/03\/Oatmeal-120x120.jpg 120w, https:\/\/www.linksgestrickt.de\/blog\/wp-content\/uploads\/2015\/03\/Oatmeal-50x50.jpg 50w\" sizes=\"(max-width: 200px) 100vw, 200px\" \/><\/a> <a href=\"https:\/\/www.linksgestrickt.de\/blog\/wp-content\/uploads\/2015\/03\/Opal.jpg\"><img decoding=\"async\" loading=\"lazy\" class=\" size-full wp-image-1440 alignleft\" src=\"https:\/\/www.linksgestrickt.de\/blog\/wp-content\/uploads\/2015\/03\/Opal.jpg\" alt=\"Opal\" width=\"200\" height=\"200\" srcset=\"https:\/\/www.linksgestrickt.de\/blog\/wp-content\/uploads\/2015\/03\/Opal.jpg 200w, https:\/\/www.linksgestrickt.de\/blog\/wp-content\/uploads\/2015\/03\/Opal-120x120.jpg 120w, https:\/\/www.linksgestrickt.de\/blog\/wp-content\/uploads\/2015\/03\/Opal-50x50.jpg 50w\" sizes=\"(max-width: 200px) 100vw, 200px\" \/><\/a> <a href=\"https:\/\/www.linksgestrickt.de\/blog\/wp-content\/uploads\/2015\/03\/SlategRey.jpg\"><img decoding=\"async\" loading=\"lazy\" class=\" size-full wp-image-1466 alignleft\" src=\"https:\/\/www.linksgestrickt.de\/blog\/wp-content\/uploads\/2015\/03\/SlategRey.jpg\" alt=\"SlategRey\" width=\"200\" height=\"200\" srcset=\"https:\/\/www.linksgestrickt.de\/blog\/wp-content\/uploads\/2015\/03\/SlategRey.jpg 200w, https:\/\/www.linksgestrickt.de\/blog\/wp-content\/uploads\/2015\/03\/SlategRey-120x120.jpg 120w, https:\/\/www.linksgestrickt.de\/blog\/wp-content\/uploads\/2015\/03\/SlategRey-50x50.jpg 50w\" sizes=\"(max-width: 200px) 100vw, 200px\" \/><\/a><\/p>\n<p>&nbsp;<\/p>\n<p>&nbsp;<\/p>\n<p>&nbsp;<\/p>\n<p>&nbsp;<\/p>\n<p>Supersoft Crocus<br \/>\nSupersoft Oatmeal<\/p>\n<p>&nbsp;<\/p>\n<p>&nbsp;<\/p>\n<p>&nbsp;<\/p>\n<p>&nbsp;<\/p>\n<p>&nbsp;<\/p>\n<p>&nbsp;<\/p>\n<p>Supersoft Opal<br \/>\nSupersoft Slate Grey<\/p>\n<p>&nbsp;<\/p>\n<p>&nbsp;<\/p>\n<p>&nbsp;<\/p>\n<p>Holst Samarkand:<\/p>\n<p><a href=\"https:\/\/www.linksgestrickt.de\/blog\/wp-content\/uploads\/2015\/03\/Aqua-Kopie.jpg\"><img decoding=\"async\" loading=\"lazy\" class=\" size-full wp-image-1432 alignleft\" src=\"https:\/\/www.linksgestrickt.de\/blog\/wp-content\/uploads\/2015\/03\/Aqua-Kopie.jpg\" alt=\"Aqua - Kopie\" width=\"200\" height=\"200\" srcset=\"https:\/\/www.linksgestrickt.de\/blog\/wp-content\/uploads\/2015\/03\/Aqua-Kopie.jpg 200w, https:\/\/www.linksgestrickt.de\/blog\/wp-content\/uploads\/2015\/03\/Aqua-Kopie-120x120.jpg 120w, https:\/\/www.linksgestrickt.de\/blog\/wp-content\/uploads\/2015\/03\/Aqua-Kopie-50x50.jpg 50w\" sizes=\"(max-width: 200px) 100vw, 200px\" \/><\/a> <a href=\"https:\/\/www.linksgestrickt.de\/blog\/wp-content\/uploads\/2015\/03\/BlBell-Kopie.jpg\"><img decoding=\"async\" loading=\"lazy\" class=\" size-full wp-image-1433 alignleft\" src=\"https:\/\/www.linksgestrickt.de\/blog\/wp-content\/uploads\/2015\/03\/BlBell-Kopie.jpg\" alt=\"BlBell - Kopie\" width=\"200\" height=\"200\" srcset=\"https:\/\/www.linksgestrickt.de\/blog\/wp-content\/uploads\/2015\/03\/BlBell-Kopie.jpg 200w, https:\/\/www.linksgestrickt.de\/blog\/wp-content\/uploads\/2015\/03\/BlBell-Kopie-120x120.jpg 120w, https:\/\/www.linksgestrickt.de\/blog\/wp-content\/uploads\/2015\/03\/BlBell-Kopie-50x50.jpg 50w\" sizes=\"(max-width: 200px) 100vw, 200px\" \/><\/a><\/p>\n<p>&nbsp;<\/p>\n<p>&nbsp;<\/p>\n<p>&nbsp;<\/p>\n<p>&nbsp;<\/p>\n<p>Samarkand Aqua<br \/>\nSamarkand Blue Bell<\/p>\n<p>&nbsp;<\/p>\n<p><span style=\"border-radius: 2px; text-indent: 20px; width: auto; padding: 0px 4px 0px 0px; text-align: center; font: bold 11px\/20px 'Helvetica Neue',Helvetica,sans-serif; color: #ffffff; background: #bd081c  no-repeat scroll 3px 50% \/ 14px 14px; position: absolute; opacity: 1; z-index: 8675309; display: none; cursor: pointer;\">Merken<\/span><\/p>\n","protected":false},"excerpt":{"rendered":"<p>Auch wenn es hier im Blog etwas still geworden ist, im Gesch\u00e4ft hat sich einiges getan \ud83d\ude42 Wir haben eine ganze Reihe neuer Farben von Holst erhalten, die ich Euch gerne vorstellen m\u00f6chte und unser Sortiment um das Alpakagarn Titicaca von Holst erweitert. Vielleicht kennen ja einige von Euch Titicaca schon, ein d\u00fcnnes zweif\u00e4dig gesponnenes&#8230;<\/p>\n","protected":false},"author":1,"featured_media":1491,"comment_status":"open","ping_status":"open","sticky":false,"template":"","format":"standard","meta":{"footnotes":""},"categories":[16,22,15],"tags":[34,10],"yoast_head":"<!-- This site is optimized with the Yoast SEO plugin v21.1 - https:\/\/yoast.com\/wordpress\/plugins\/seo\/ -->\n<title>Aus dem Shop: Holst Titicaca und neue Farben<\/title>\n<meta name=\"robots\" content=\"index, follow, max-snippet:-1, max-image-preview:large, max-video-preview:-1\" \/>\n<link rel=\"canonical\" href=\"https:\/\/www.linksgestrickt.de\/blog\/2015\/03\/04\/aus-dem-shop-holst-titicaca-und-neue-farben\/\" \/>\n<meta property=\"og:locale\" content=\"en_US\" \/>\n<meta property=\"og:type\" content=\"article\" \/>\n<meta property=\"og:title\" content=\"Aus dem Shop: Holst Titicaca und neue Farben\" \/>\n<meta property=\"og:description\" content=\"Auch wenn es hier im Blog etwas still geworden ist, im Gesch\u00e4ft hat sich einiges getan \ud83d\ude42 Wir haben eine ganze Reihe neuer Farben von Holst erhalten, die ich Euch gerne vorstellen m\u00f6chte und unser Sortiment um das Alpakagarn Titicaca von Holst erweitert. Vielleicht kennen ja einige von Euch Titicaca schon, ein d\u00fcnnes zweif\u00e4dig gesponnenes...\" \/>\n<meta property=\"og:url\" content=\"https:\/\/www.linksgestrickt.de\/blog\/2015\/03\/04\/aus-dem-shop-holst-titicaca-und-neue-farben\/\" \/>\n<meta property=\"article:published_time\" content=\"2015-03-04T10:23:41+00:00\" \/>\n<meta property=\"article:modified_time\" content=\"2016-08-03T08:22:34+00:00\" \/>\n<meta property=\"og:image\" content=\"https:\/\/www.linksgestrickt.de\/blog\/wp-content\/uploads\/2015\/03\/Holst_neueFarben.jpg\" \/>\n\t<meta property=\"og:image:width\" content=\"600\" \/>\n\t<meta property=\"og:image:height\" content=\"191\" \/>\n\t<meta property=\"og:image:type\" content=\"image\/jpeg\" \/>\n<meta name=\"author\" content=\"Patricia\" \/>\n<meta name=\"twitter:label1\" content=\"Written by\" \/>\n\t<meta name=\"twitter:data1\" content=\"Patricia\" \/>\n\t<meta name=\"twitter:label2\" content=\"Est. reading time\" \/>\n\t<meta name=\"twitter:data2\" content=\"1 minute\" \/>\n<script type=\"application\/ld+json\" class=\"yoast-schema-graph\">{\"@context\":\"https:\/\/schema.org\",\"@graph\":[{\"@type\":\"WebPage\",\"@id\":\"https:\/\/www.linksgestrickt.de\/blog\/2015\/03\/04\/aus-dem-shop-holst-titicaca-und-neue-farben\/\",\"url\":\"https:\/\/www.linksgestrickt.de\/blog\/2015\/03\/04\/aus-dem-shop-holst-titicaca-und-neue-farben\/\",\"name\":\"Aus dem Shop: Holst Titicaca und neue Farben\",\"isPartOf\":{\"@id\":\"https:\/\/www.linksgestrickt.de\/blog\/#website\"},\"datePublished\":\"2015-03-04T10:23:41+00:00\",\"dateModified\":\"2016-08-03T08:22:34+00:00\",\"author\":{\"@id\":\"https:\/\/www.linksgestrickt.de\/blog\/#\/schema\/person\/956849e894b2cbf6c193771750b795b2\"},\"inLanguage\":\"en-US\",\"potentialAction\":[{\"@type\":\"ReadAction\",\"target\":[\"https:\/\/www.linksgestrickt.de\/blog\/2015\/03\/04\/aus-dem-shop-holst-titicaca-und-neue-farben\/\"]}]},{\"@type\":\"WebSite\",\"@id\":\"https:\/\/www.linksgestrickt.de\/blog\/#website\",\"url\":\"https:\/\/www.linksgestrickt.de\/blog\/\",\"name\":\"\",\"description\":\"nie mehr den Faden verlieren\",\"potentialAction\":[{\"@type\":\"SearchAction\",\"target\":{\"@type\":\"EntryPoint\",\"urlTemplate\":\"https:\/\/www.linksgestrickt.de\/blog\/?s={search_term_string}\"},\"query-input\":\"required name=search_term_string\"}],\"inLanguage\":\"en-US\"},{\"@type\":\"Person\",\"@id\":\"https:\/\/www.linksgestrickt.de\/blog\/#\/schema\/person\/956849e894b2cbf6c193771750b795b2\",\"name\":\"Patricia\",\"image\":{\"@type\":\"ImageObject\",\"inLanguage\":\"en-US\",\"@id\":\"https:\/\/www.linksgestrickt.de\/blog\/#\/schema\/person\/image\/\",\"url\":\"https:\/\/secure.gravatar.com\/avatar\/afa3270040307cf0ac53166e712c5f65?s=96&d=mm&r=g\",\"contentUrl\":\"https:\/\/secure.gravatar.com\/avatar\/afa3270040307cf0ac53166e712c5f65?s=96&d=mm&r=g\",\"caption\":\"Patricia\"},\"url\":\"https:\/\/www.linksgestrickt.de\/blog\/author\/patfis\/\"}]}<\/script>\n<!-- \/ Yoast SEO plugin. -->","yoast_head_json":{"title":"Aus dem Shop: Holst Titicaca und neue Farben","robots":{"index":"index","follow":"follow","max-snippet":"max-snippet:-1","max-image-preview":"max-image-preview:large","max-video-preview":"max-video-preview:-1"},"canonical":"https:\/\/www.linksgestrickt.de\/blog\/2015\/03\/04\/aus-dem-shop-holst-titicaca-und-neue-farben\/","og_locale":"en_US","og_type":"article","og_title":"Aus dem Shop: Holst Titicaca und neue Farben","og_description":"Auch wenn es hier im Blog etwas still geworden ist, im Gesch\u00e4ft hat sich einiges getan \ud83d\ude42 Wir haben eine ganze Reihe neuer Farben von Holst erhalten, die ich Euch gerne vorstellen m\u00f6chte und unser Sortiment um das Alpakagarn Titicaca von Holst erweitert. Vielleicht kennen ja einige von Euch Titicaca schon, ein d\u00fcnnes zweif\u00e4dig gesponnenes...","og_url":"https:\/\/www.linksgestrickt.de\/blog\/2015\/03\/04\/aus-dem-shop-holst-titicaca-und-neue-farben\/","article_published_time":"2015-03-04T10:23:41+00:00","article_modified_time":"2016-08-03T08:22:34+00:00","og_image":[{"width":600,"height":191,"url":"https:\/\/www.linksgestrickt.de\/blog\/wp-content\/uploads\/2015\/03\/Holst_neueFarben.jpg","type":"image\/jpeg"}],"author":"Patricia","twitter_misc":{"Written by":"Patricia","Est. reading time":"1 minute"},"schema":{"@context":"https:\/\/schema.org","@graph":[{"@type":"WebPage","@id":"https:\/\/www.linksgestrickt.de\/blog\/2015\/03\/04\/aus-dem-shop-holst-titicaca-und-neue-farben\/","url":"https:\/\/www.linksgestrickt.de\/blog\/2015\/03\/04\/aus-dem-shop-holst-titicaca-und-neue-farben\/","name":"Aus dem Shop: Holst Titicaca und neue Farben","isPartOf":{"@id":"https:\/\/www.linksgestrickt.de\/blog\/#website"},"datePublished":"2015-03-04T10:23:41+00:00","dateModified":"2016-08-03T08:22:34+00:00","author":{"@id":"https:\/\/www.linksgestrickt.de\/blog\/#\/schema\/person\/956849e894b2cbf6c193771750b795b2"},"inLanguage":"en-US","potentialAction":[{"@type":"ReadAction","target":["https:\/\/www.linksgestrickt.de\/blog\/2015\/03\/04\/aus-dem-shop-holst-titicaca-und-neue-farben\/"]}]},{"@type":"WebSite","@id":"https:\/\/www.linksgestrickt.de\/blog\/#website","url":"https:\/\/www.linksgestrickt.de\/blog\/","name":"","description":"nie mehr den Faden verlieren","potentialAction":[{"@type":"SearchAction","target":{"@type":"EntryPoint","urlTemplate":"https:\/\/www.linksgestrickt.de\/blog\/?s={search_term_string}"},"query-input":"required name=search_term_string"}],"inLanguage":"en-US"},{"@type":"Person","@id":"https:\/\/www.linksgestrickt.de\/blog\/#\/schema\/person\/956849e894b2cbf6c193771750b795b2","name":"Patricia","image":{"@type":"ImageObject","inLanguage":"en-US","@id":"https:\/\/www.linksgestrickt.de\/blog\/#\/schema\/person\/image\/","url":"https:\/\/secure.gravatar.com\/avatar\/afa3270040307cf0ac53166e712c5f65?s=96&d=mm&r=g","contentUrl":"https:\/\/secure.gravatar.com\/avatar\/afa3270040307cf0ac53166e712c5f65?s=96&d=mm&r=g","caption":"Patricia"},"url":"https:\/\/www.linksgestrickt.de\/blog\/author\/patfis\/"}]}},"_links":{"self":[{"href":"https:\/\/www.linksgestrickt.de\/blog\/wp-json\/wp\/v2\/posts\/1429"}],"collection":[{"href":"https:\/\/www.linksgestrickt.de\/blog\/wp-json\/wp\/v2\/posts"}],"about":[{"href":"https:\/\/www.linksgestrickt.de\/blog\/wp-json\/wp\/v2\/types\/post"}],"author":[{"embeddable":true,"href":"https:\/\/www.linksgestrickt.de\/blog\/wp-json\/wp\/v2\/users\/1"}],"replies":[{"embeddable":true,"href":"https:\/\/www.linksgestrickt.de\/blog\/wp-json\/wp\/v2\/comments?post=1429"}],"version-history":[{"count":40,"href":"https:\/\/www.linksgestrickt.de\/blog\/wp-json\/wp\/v2\/posts\/1429\/revisions"}],"predecessor-version":[{"id":1649,"href":"https:\/\/www.linksgestrickt.de\/blog\/wp-json\/wp\/v2\/posts\/1429\/revisions\/1649"}],"wp:featuredmedia":[{"embeddable":true,"href":"https:\/\/www.linksgestrickt.de\/blog\/wp-json\/wp\/v2\/media\/1491"}],"wp:attachment":[{"href":"https:\/\/www.linksgestrickt.de\/blog\/wp-json\/wp\/v2\/media?parent=1429"}],"wp:term":[{"taxonomy":"category","embeddable":true,"href":"https:\/\/www.linksgestrickt.de\/blog\/wp-json\/wp\/v2\/categories?post=1429"},{"taxonomy":"post_tag","embeddable":true,"href":"https:\/\/www.linksgestrickt.de\/blog\/wp-json\/wp\/v2\/tags?post=1429"}],"curies":[{"name":"wp","href":"https:\/\/api.w.org\/{rel}","templated":true}]}}