{"id":1617,"date":"2016-08-03T10:30:09","date_gmt":"2016-08-03T08:30:09","guid":{"rendered":"http:\/\/www.linksgestrickt.de\/blog\/?p=1617"},"modified":"2016-08-03T10:30:09","modified_gmt":"2016-08-03T08:30:09","slug":"abgenadelt-take-von-lisa-hannes","status":"publish","type":"post","link":"https:\/\/www.linksgestrickt.de\/blog\/2016\/08\/03\/abgenadelt-take-von-lisa-hannes\/","title":{"rendered":"Abgenadelt: Take it all von Lisa Hannes"},"content":{"rendered":"<p>Es ist schon ein paar Wochen her aber dennoch m\u00f6chte ich Euch mein fertiges Strickprojekt zeigen. Mein Tuch aus verschiedensten Fingering-Garnen nach einem Muster von Lisa Hannes. Bei mir hei\u00dft das ganze Take the rest, weil verschiedene Wollreste in verschiedensten Qualit\u00e4ten aufgebraucht wurden. Als Hauptgarn in einem dunklen Anthrazit diente mir die Malabrigo Lace Superwash in Pearl Ten, die ich zweifach verstrickt habe. In den einzelnen Segmenten wurde dann u.a. Sandnes Alpakka Silke (siehe Detailfoto weiter unten), Madelinetosh Tosh Light (Farbe Maple Leaf) oder die Isager Strik Spinni (Farbe 39s) verstrickt.<\/p>\n<p style=\"text-align: center;\"><img decoding=\"async\" loading=\"lazy\" class=\"aligncenter size-full wp-image-1618\" src=\"https:\/\/www.linksgestrickt.de\/blog\/wp-content\/uploads\/2016\/05\/Takeitall.jpg\" alt=\"Takeitall\" width=\"640\" height=\"640\" srcset=\"https:\/\/www.linksgestrickt.de\/blog\/wp-content\/uploads\/2016\/05\/Takeitall.jpg 640w, https:\/\/www.linksgestrickt.de\/blog\/wp-content\/uploads\/2016\/05\/Takeitall-290x290.jpg 290w, https:\/\/www.linksgestrickt.de\/blog\/wp-content\/uploads\/2016\/05\/Takeitall-300x300.jpg 300w, https:\/\/www.linksgestrickt.de\/blog\/wp-content\/uploads\/2016\/05\/Takeitall-120x120.jpg 120w, https:\/\/www.linksgestrickt.de\/blog\/wp-content\/uploads\/2016\/05\/Takeitall-50x50.jpg 50w\" sizes=\"(max-width: 640px) 100vw, 640px\" \/>Direkt nach dem Abschluss der Arbeit ein bla\u00dfes Instagram-Foto \ud83d\ude42<\/p>\n<p>Anfang des Jahres gab es zu diesem Schal einen Mystery-KAL bei Ravelry und ich habe gez\u00f6gert mitzumachen. Vielleicht bin ich da etwas \u00fcbervorsichtig, aber die Gefahr ein Projekt anzufangen, dass mir am Ende nicht gef\u00e4llt, so dass das Projekt unbeendet in der Ecke landet, ist einfach zu gro\u00df. Hier h\u00e4tte ich aber nicht z\u00f6gern m\u00fcssen \ud83d\ude42<\/p>\n<h5><img decoding=\"async\" loading=\"lazy\" class=\"aligncenter size-full wp-image-1611\" src=\"https:\/\/www.linksgestrickt.de\/blog\/wp-content\/uploads\/2016\/03\/Detail_AlpakkaSilke.jpg\" alt=\"Detail_AlpakkaSilke\" width=\"600\" height=\"400\" srcset=\"https:\/\/www.linksgestrickt.de\/blog\/wp-content\/uploads\/2016\/03\/Detail_AlpakkaSilke.jpg 600w, https:\/\/www.linksgestrickt.de\/blog\/wp-content\/uploads\/2016\/03\/Detail_AlpakkaSilke-300x200.jpg 300w\" sizes=\"(max-width: 600px) 100vw, 600px\" \/><\/h5>\n<p style=\"text-align: center;\">Hier seht Ihr die Alpakka Silke verstrickt in der Farbe Lavendel (5834)<\/p>\n<p>Ich muss sagen, dass dieses Muster eine leicht abh\u00e4ngige Wirkung hat, man kann einfach nicht aufh\u00f6ren und strickt sich von Abschnitt zu Abschnitt, w\u00e4hrend die Maschenanzahl auf den Nadeln w\u00e4chst und w\u00e4chst. Leider war meine Maschenprobe total daneben, ich wollte aber nicht auf gr\u00f6\u00dfere Nadeln wechseln, daher musste mehr Maschen stricken, um auf die gleiche Gr\u00f6\u00dfe zu kommen.<\/p>\n<p>Ein sehr sch\u00f6nes Projekt um Wollreste aufzubrauchen und mit verschiedenen Farben zu spielen! K\u00f6nnte ich mir sehr gut auch in Holst vorstellen, insbesondere die Shade Bags, die wir neu im Sortiment haben, w\u00e4ren eine prima Erg\u00e4nzung!<\/p>\n<p>Liebe Gr\u00fc\u00dfe,<\/p>\n<p>Patricia<\/p>\n<p><span style=\"border-radius: 2px; text-indent: 20px; width: auto; padding: 0px 4px 0px 0px; text-align: center; font: bold 11px\/20px 'Helvetica Neue',Helvetica,sans-serif; color: #ffffff; background: #bd081c no-repeat scroll 3px 50% \/ 14px 14px; position: absolute; opacity: 1; z-index: 8675309; display: block; cursor: pointer; top: 148px; left: 353px;\">Merken<\/span><\/p>\n<p><span style=\"border-radius: 2px; text-indent: 20px; width: auto; padding: 0px 4px 0px 0px; text-align: center; font: bold 11px\/20px 'Helvetica Neue',Helvetica,sans-serif; color: #ffffff; background: #bd081c  no-repeat scroll 3px 50% \/ 14px 14px; position: absolute; opacity: 0.85; z-index: 8675309; display: none; cursor: pointer; top: 148px; left: 353px;\">Merken<\/span><\/p>\n","protected":false},"excerpt":{"rendered":"<p>Es ist schon ein paar Wochen her aber dennoch m\u00f6chte ich Euch mein fertiges Strickprojekt zeigen. Mein Tuch aus verschiedensten Fingering-Garnen nach einem Muster von Lisa Hannes. Bei mir hei\u00dft das ganze Take the rest, weil verschiedene Wollreste in verschiedensten Qualit\u00e4ten aufgebraucht wurden. Als Hauptgarn in einem dunklen Anthrazit diente mir die Malabrigo Lace Superwash&#8230;<\/p>\n","protected":false},"author":1,"featured_media":1611,"comment_status":"open","ping_status":"open","sticky":false,"template":"","format":"standard","meta":{"footnotes":""},"categories":[30,38,12,18,43,19,15],"tags":[53,46,48,47,10],"yoast_head":"<!-- This site is optimized with the Yoast SEO plugin v21.1 - https:\/\/yoast.com\/wordpress\/plugins\/seo\/ -->\n<title>Abgenadelt: Take it all von Lisa Hannes -<\/title>\n<meta name=\"robots\" content=\"index, follow, max-snippet:-1, max-image-preview:large, max-video-preview:-1\" \/>\n<link rel=\"canonical\" href=\"https:\/\/www.linksgestrickt.de\/blog\/2016\/08\/03\/abgenadelt-take-von-lisa-hannes\/\" \/>\n<meta property=\"og:locale\" content=\"en_US\" \/>\n<meta property=\"og:type\" content=\"article\" \/>\n<meta property=\"og:title\" content=\"Abgenadelt: Take it all von Lisa Hannes -\" \/>\n<meta property=\"og:description\" content=\"Es ist schon ein paar Wochen her aber dennoch m\u00f6chte ich Euch mein fertiges Strickprojekt zeigen. Mein Tuch aus verschiedensten Fingering-Garnen nach einem Muster von Lisa Hannes. Bei mir hei\u00dft das ganze Take the rest, weil verschiedene Wollreste in verschiedensten Qualit\u00e4ten aufgebraucht wurden. Als Hauptgarn in einem dunklen Anthrazit diente mir die Malabrigo Lace Superwash...\" \/>\n<meta property=\"og:url\" content=\"https:\/\/www.linksgestrickt.de\/blog\/2016\/08\/03\/abgenadelt-take-von-lisa-hannes\/\" \/>\n<meta property=\"article:published_time\" content=\"2016-08-03T08:30:09+00:00\" \/>\n<meta property=\"og:image\" content=\"https:\/\/www.linksgestrickt.de\/blog\/wp-content\/uploads\/2016\/03\/Detail_AlpakkaSilke.jpg\" \/>\n\t<meta property=\"og:image:width\" content=\"600\" \/>\n\t<meta property=\"og:image:height\" content=\"400\" \/>\n\t<meta property=\"og:image:type\" content=\"image\/jpeg\" \/>\n<meta name=\"author\" content=\"Patricia\" \/>\n<meta name=\"twitter:label1\" content=\"Written by\" \/>\n\t<meta name=\"twitter:data1\" content=\"Patricia\" \/>\n\t<meta name=\"twitter:label2\" content=\"Est. reading time\" \/>\n\t<meta name=\"twitter:data2\" content=\"1 minute\" \/>\n<script type=\"application\/ld+json\" class=\"yoast-schema-graph\">{\"@context\":\"https:\/\/schema.org\",\"@graph\":[{\"@type\":\"WebPage\",\"@id\":\"https:\/\/www.linksgestrickt.de\/blog\/2016\/08\/03\/abgenadelt-take-von-lisa-hannes\/\",\"url\":\"https:\/\/www.linksgestrickt.de\/blog\/2016\/08\/03\/abgenadelt-take-von-lisa-hannes\/\",\"name\":\"Abgenadelt: Take it all von Lisa Hannes -\",\"isPartOf\":{\"@id\":\"https:\/\/www.linksgestrickt.de\/blog\/#website\"},\"datePublished\":\"2016-08-03T08:30:09+00:00\",\"dateModified\":\"2016-08-03T08:30:09+00:00\",\"author\":{\"@id\":\"https:\/\/www.linksgestrickt.de\/blog\/#\/schema\/person\/956849e894b2cbf6c193771750b795b2\"},\"inLanguage\":\"en-US\",\"potentialAction\":[{\"@type\":\"ReadAction\",\"target\":[\"https:\/\/www.linksgestrickt.de\/blog\/2016\/08\/03\/abgenadelt-take-von-lisa-hannes\/\"]}]},{\"@type\":\"WebSite\",\"@id\":\"https:\/\/www.linksgestrickt.de\/blog\/#website\",\"url\":\"https:\/\/www.linksgestrickt.de\/blog\/\",\"name\":\"\",\"description\":\"nie mehr den Faden verlieren\",\"potentialAction\":[{\"@type\":\"SearchAction\",\"target\":{\"@type\":\"EntryPoint\",\"urlTemplate\":\"https:\/\/www.linksgestrickt.de\/blog\/?s={search_term_string}\"},\"query-input\":\"required name=search_term_string\"}],\"inLanguage\":\"en-US\"},{\"@type\":\"Person\",\"@id\":\"https:\/\/www.linksgestrickt.de\/blog\/#\/schema\/person\/956849e894b2cbf6c193771750b795b2\",\"name\":\"Patricia\",\"image\":{\"@type\":\"ImageObject\",\"inLanguage\":\"en-US\",\"@id\":\"https:\/\/www.linksgestrickt.de\/blog\/#\/schema\/person\/image\/\",\"url\":\"https:\/\/secure.gravatar.com\/avatar\/afa3270040307cf0ac53166e712c5f65?s=96&d=mm&r=g\",\"contentUrl\":\"https:\/\/secure.gravatar.com\/avatar\/afa3270040307cf0ac53166e712c5f65?s=96&d=mm&r=g\",\"caption\":\"Patricia\"},\"url\":\"https:\/\/www.linksgestrickt.de\/blog\/author\/patfis\/\"}]}<\/script>\n<!-- \/ Yoast SEO plugin. -->","yoast_head_json":{"title":"Abgenadelt: Take it all von Lisa Hannes -","robots":{"index":"index","follow":"follow","max-snippet":"max-snippet:-1","max-image-preview":"max-image-preview:large","max-video-preview":"max-video-preview:-1"},"canonical":"https:\/\/www.linksgestrickt.de\/blog\/2016\/08\/03\/abgenadelt-take-von-lisa-hannes\/","og_locale":"en_US","og_type":"article","og_title":"Abgenadelt: Take it all von Lisa Hannes -","og_description":"Es ist schon ein paar Wochen her aber dennoch m\u00f6chte ich Euch mein fertiges Strickprojekt zeigen. Mein Tuch aus verschiedensten Fingering-Garnen nach einem Muster von Lisa Hannes. Bei mir hei\u00dft das ganze Take the rest, weil verschiedene Wollreste in verschiedensten Qualit\u00e4ten aufgebraucht wurden. Als Hauptgarn in einem dunklen Anthrazit diente mir die Malabrigo Lace Superwash...","og_url":"https:\/\/www.linksgestrickt.de\/blog\/2016\/08\/03\/abgenadelt-take-von-lisa-hannes\/","article_published_time":"2016-08-03T08:30:09+00:00","og_image":[{"width":600,"height":400,"url":"https:\/\/www.linksgestrickt.de\/blog\/wp-content\/uploads\/2016\/03\/Detail_AlpakkaSilke.jpg","type":"image\/jpeg"}],"author":"Patricia","twitter_misc":{"Written by":"Patricia","Est. reading time":"1 minute"},"schema":{"@context":"https:\/\/schema.org","@graph":[{"@type":"WebPage","@id":"https:\/\/www.linksgestrickt.de\/blog\/2016\/08\/03\/abgenadelt-take-von-lisa-hannes\/","url":"https:\/\/www.linksgestrickt.de\/blog\/2016\/08\/03\/abgenadelt-take-von-lisa-hannes\/","name":"Abgenadelt: Take it all von Lisa Hannes -","isPartOf":{"@id":"https:\/\/www.linksgestrickt.de\/blog\/#website"},"datePublished":"2016-08-03T08:30:09+00:00","dateModified":"2016-08-03T08:30:09+00:00","author":{"@id":"https:\/\/www.linksgestrickt.de\/blog\/#\/schema\/person\/956849e894b2cbf6c193771750b795b2"},"inLanguage":"en-US","potentialAction":[{"@type":"ReadAction","target":["https:\/\/www.linksgestrickt.de\/blog\/2016\/08\/03\/abgenadelt-take-von-lisa-hannes\/"]}]},{"@type":"WebSite","@id":"https:\/\/www.linksgestrickt.de\/blog\/#website","url":"https:\/\/www.linksgestrickt.de\/blog\/","name":"","description":"nie mehr den Faden verlieren","potentialAction":[{"@type":"SearchAction","target":{"@type":"EntryPoint","urlTemplate":"https:\/\/www.linksgestrickt.de\/blog\/?s={search_term_string}"},"query-input":"required name=search_term_string"}],"inLanguage":"en-US"},{"@type":"Person","@id":"https:\/\/www.linksgestrickt.de\/blog\/#\/schema\/person\/956849e894b2cbf6c193771750b795b2","name":"Patricia","image":{"@type":"ImageObject","inLanguage":"en-US","@id":"https:\/\/www.linksgestrickt.de\/blog\/#\/schema\/person\/image\/","url":"https:\/\/secure.gravatar.com\/avatar\/afa3270040307cf0ac53166e712c5f65?s=96&d=mm&r=g","contentUrl":"https:\/\/secure.gravatar.com\/avatar\/afa3270040307cf0ac53166e712c5f65?s=96&d=mm&r=g","caption":"Patricia"},"url":"https:\/\/www.linksgestrickt.de\/blog\/author\/patfis\/"}]}},"_links":{"self":[{"href":"https:\/\/www.linksgestrickt.de\/blog\/wp-json\/wp\/v2\/posts\/1617"}],"collection":[{"href":"https:\/\/www.linksgestrickt.de\/blog\/wp-json\/wp\/v2\/posts"}],"about":[{"href":"https:\/\/www.linksgestrickt.de\/blog\/wp-json\/wp\/v2\/types\/post"}],"author":[{"embeddable":true,"href":"https:\/\/www.linksgestrickt.de\/blog\/wp-json\/wp\/v2\/users\/1"}],"replies":[{"embeddable":true,"href":"https:\/\/www.linksgestrickt.de\/blog\/wp-json\/wp\/v2\/comments?post=1617"}],"version-history":[{"count":5,"href":"https:\/\/www.linksgestrickt.de\/blog\/wp-json\/wp\/v2\/posts\/1617\/revisions"}],"predecessor-version":[{"id":1655,"href":"https:\/\/www.linksgestrickt.de\/blog\/wp-json\/wp\/v2\/posts\/1617\/revisions\/1655"}],"wp:featuredmedia":[{"embeddable":true,"href":"https:\/\/www.linksgestrickt.de\/blog\/wp-json\/wp\/v2\/media\/1611"}],"wp:attachment":[{"href":"https:\/\/www.linksgestrickt.de\/blog\/wp-json\/wp\/v2\/media?parent=1617"}],"wp:term":[{"taxonomy":"category","embeddable":true,"href":"https:\/\/www.linksgestrickt.de\/blog\/wp-json\/wp\/v2\/categories?post=1617"},{"taxonomy":"post_tag","embeddable":true,"href":"https:\/\/www.linksgestrickt.de\/blog\/wp-json\/wp\/v2\/tags?post=1617"}],"curies":[{"name":"wp","href":"https:\/\/api.w.org\/{rel}","templated":true}]}}