{"id":1790,"date":"2017-03-16T19:27:48","date_gmt":"2017-03-16T17:27:48","guid":{"rendered":"http:\/\/www.linksgestrickt.de\/blog\/?p=1790"},"modified":"2020-05-26T23:13:19","modified_gmt":"2020-05-26T21:13:19","slug":"abgenadelt-ruteleik","status":"publish","type":"post","link":"https:\/\/www.linksgestrickt.de\/blog\/2017\/03\/16\/abgenadelt-ruteleik\/","title":{"rendered":"Abgenadelt: Ruteleik"},"content":{"rendered":"<p><img decoding=\"async\" loading=\"lazy\" class=\"aligncenter size-full wp-image-1792\" src=\"https:\/\/www.linksgestrickt.de\/blog\/wp-content\/uploads\/2017\/03\/Ruteleik1.jpg\" alt=\"\" width=\"600\" height=\"497\" srcset=\"https:\/\/www.linksgestrickt.de\/blog\/wp-content\/uploads\/2017\/03\/Ruteleik1.jpg 600w, https:\/\/www.linksgestrickt.de\/blog\/wp-content\/uploads\/2017\/03\/Ruteleik1-300x249.jpg 300w\" sizes=\"(max-width: 600px) 100vw, 600px\" \/><\/p>\n<p>Dies ist eine absolute Premiere f\u00fcr mich, denn dies sind meine ersten mehrfarbig gestrickten Socken! Ich habe dieses wundersch\u00f6ne Muster auf Ravelry gefunden. Es hei\u00dft Ruteleik und stammt von der norwegischen Designerin Gro Andersen, die es dankenswerterweise umsonst zur Verf\u00fcgung gestellt hat! Gestrickt habe ich das ganze aus ganz normaler Sockenwolle in einem Jeansblau und einem leuchtenden Rot und da ich kein Wort Norwegisch kann, habe ich mich nur an das Strickdiagramm gehalten (&gt;&gt;&gt;<a href=\"http:\/\/www.ravelry.com\/projects\/paulakarfunkel\/ruteleik\" target=\"_blank\" rel=\"noopener\">hier<\/a> geht es zur Ravelry-Projektseite).<\/p>\n<p><img decoding=\"async\" loading=\"lazy\" class=\"aligncenter wp-image-1793 \" src=\"https:\/\/www.linksgestrickt.de\/blog\/wp-content\/uploads\/2017\/03\/Ruteleik2.jpg\" alt=\"\" width=\"461\" height=\"692\" srcset=\"https:\/\/www.linksgestrickt.de\/blog\/wp-content\/uploads\/2017\/03\/Ruteleik2.jpg 600w, https:\/\/www.linksgestrickt.de\/blog\/wp-content\/uploads\/2017\/03\/Ruteleik2-200x300.jpg 200w\" sizes=\"(max-width: 461px) 100vw, 461px\" \/><\/p>\n<p>Ich muss dazu sagen, dass dies nicht meine ersten Socken sind, genauer gesagt es ist mein zweites Paar Socken. Ich habe zuvor bereits ein Paar Socken mit einem tollen Hebemaschenmuster gestrickt, war aber von der Passform so entt\u00e4uscht, dass ich sie nicht mal auf Ravelry eingestellt habe. Geholfen hat mir Sox Therapist die f\u00fcr sehr wenig Geld eine ausf\u00fchrliche Beschreibung ihrer Fish Lips Kiss Heel-Ferse auf Ravelry anbietet (&gt;&gt;&gt;<a href=\"http:\/\/www.ravelry.com\/patterns\/library\/fish-lips-kiss-heel\" target=\"_blank\" rel=\"noopener\">hier<\/a>).<\/p>\n<p><img decoding=\"async\" loading=\"lazy\" class=\"aligncenter wp-image-1795\" src=\"https:\/\/www.linksgestrickt.de\/blog\/wp-content\/uploads\/2017\/03\/Ruteleik3.jpg\" alt=\"\" width=\"461\" height=\"660\" srcset=\"https:\/\/www.linksgestrickt.de\/blog\/wp-content\/uploads\/2017\/03\/Ruteleik3.jpg 600w, https:\/\/www.linksgestrickt.de\/blog\/wp-content\/uploads\/2017\/03\/Ruteleik3-210x300.jpg 210w\" sizes=\"(max-width: 461px) 100vw, 461px\" \/><\/p>\n<p>Was soll ich sagen: die Socken haben genau die richtige Gr\u00f6\u00dfe, alles sitzt an der richtigen Stelle und ich liebe es, sie zu tragen. Selbst meine Bef\u00fcrchtung, dass mein Kampf mit der Garnspannung der Floats zu sehen ist, stellte sich als falsch heraus, denn nach der Handw\u00e4sche und dem Spannen zeigte sich ein viel sch\u00f6neres Maschenbild.<\/p>\n<p>Also: ran an das n\u00e4chste Paar. Die <a href=\"http:\/\/www.ravelry.com\/patterns\/library\/oi-suomi\" target=\"_blank\" rel=\"noopener\">Oi Suomi Socken<\/a> von Niina Risulainen rufen schon meinen Namen \ud83d\ude09<\/p>\n<p>&nbsp;<\/p>\n<p><span style=\"border-radius: 2px; text-indent: 20px; width: auto; padding: 0px 4px 0px 0px; text-align: center; font: bold 11px\/20px 'Helvetica Neue',Helvetica,sans-serif; color: #ffffff; background: #bd081c no-repeat scroll 3px 50% \/ 14px 14px; position: absolute; opacity: 1; z-index: 8675309; display: none; cursor: pointer; top: 1457px; left: 369px;\">Merken<\/span><\/p>\n<p><span style=\"border-radius: 2px; text-indent: 20px; width: auto; padding: 0px 4px 0px 0px; text-align: center; font: bold 11px\/20px 'Helvetica Neue',Helvetica,sans-serif; color: #ffffff; background: #bd081c no-repeat scroll 3px 50% \/ 14px 14px; position: absolute; opacity: 1; z-index: 8675309; display: none; cursor: pointer; top: 1457px; left: 369px;\">Merken<\/span><\/p>\n","protected":false},"excerpt":{"rendered":"<p>Dies ist eine absolute Premiere f\u00fcr mich, denn dies sind meine ersten mehrfarbig gestrickten Socken! Ich habe dieses wundersch\u00f6ne Muster auf Ravelry gefunden. Es hei\u00dft Ruteleik und stammt von der norwegischen Designerin Gro Andersen, die es dankenswerterweise umsonst zur Verf\u00fcgung gestellt hat! Gestrickt habe ich das ganze aus ganz normaler Sockenwolle in einem Jeansblau und&#8230;<\/p>\n","protected":false},"author":1,"featured_media":1881,"comment_status":"open","ping_status":"open","sticky":false,"template":"","format":"standard","meta":{"footnotes":""},"categories":[61,30,12,18,35,68,69,19,15],"tags":[57,36,46,48,52,70,56,47,10],"yoast_head":"<!-- This site is optimized with the Yoast SEO plugin v21.1 - https:\/\/yoast.com\/wordpress\/plugins\/seo\/ -->\n<title>Abgenadelt: Ruteleik -<\/title>\n<meta name=\"robots\" content=\"index, follow, max-snippet:-1, max-image-preview:large, max-video-preview:-1\" \/>\n<link rel=\"canonical\" href=\"https:\/\/www.linksgestrickt.de\/blog\/2017\/03\/16\/abgenadelt-ruteleik\/\" \/>\n<meta property=\"og:locale\" content=\"en_US\" \/>\n<meta property=\"og:type\" content=\"article\" \/>\n<meta property=\"og:title\" content=\"Abgenadelt: Ruteleik -\" \/>\n<meta property=\"og:description\" content=\"Dies ist eine absolute Premiere f\u00fcr mich, denn dies sind meine ersten mehrfarbig gestrickten Socken! Ich habe dieses wundersch\u00f6ne Muster auf Ravelry gefunden. Es hei\u00dft Ruteleik und stammt von der norwegischen Designerin Gro Andersen, die es dankenswerterweise umsonst zur Verf\u00fcgung gestellt hat! Gestrickt habe ich das ganze aus ganz normaler Sockenwolle in einem Jeansblau und...\" \/>\n<meta property=\"og:url\" content=\"https:\/\/www.linksgestrickt.de\/blog\/2017\/03\/16\/abgenadelt-ruteleik\/\" \/>\n<meta property=\"article:published_time\" content=\"2017-03-16T17:27:48+00:00\" \/>\n<meta property=\"article:modified_time\" content=\"2020-05-26T21:13:19+00:00\" \/>\n<meta property=\"og:image\" content=\"https:\/\/www.linksgestrickt.de\/blog\/wp-content\/uploads\/2017\/09\/Ruteleik1_slider.jpg\" \/>\n\t<meta property=\"og:image:width\" content=\"600\" \/>\n\t<meta property=\"og:image:height\" content=\"420\" \/>\n\t<meta property=\"og:image:type\" content=\"image\/jpeg\" \/>\n<meta name=\"author\" content=\"Patricia\" \/>\n<meta name=\"twitter:label1\" content=\"Written by\" \/>\n\t<meta name=\"twitter:data1\" content=\"Patricia\" \/>\n\t<meta name=\"twitter:label2\" content=\"Est. reading time\" \/>\n\t<meta name=\"twitter:data2\" content=\"1 minute\" \/>\n<script type=\"application\/ld+json\" class=\"yoast-schema-graph\">{\"@context\":\"https:\/\/schema.org\",\"@graph\":[{\"@type\":\"WebPage\",\"@id\":\"https:\/\/www.linksgestrickt.de\/blog\/2017\/03\/16\/abgenadelt-ruteleik\/\",\"url\":\"https:\/\/www.linksgestrickt.de\/blog\/2017\/03\/16\/abgenadelt-ruteleik\/\",\"name\":\"Abgenadelt: Ruteleik -\",\"isPartOf\":{\"@id\":\"https:\/\/www.linksgestrickt.de\/blog\/#website\"},\"datePublished\":\"2017-03-16T17:27:48+00:00\",\"dateModified\":\"2020-05-26T21:13:19+00:00\",\"author\":{\"@id\":\"https:\/\/www.linksgestrickt.de\/blog\/#\/schema\/person\/956849e894b2cbf6c193771750b795b2\"},\"inLanguage\":\"en-US\",\"potentialAction\":[{\"@type\":\"ReadAction\",\"target\":[\"https:\/\/www.linksgestrickt.de\/blog\/2017\/03\/16\/abgenadelt-ruteleik\/\"]}]},{\"@type\":\"WebSite\",\"@id\":\"https:\/\/www.linksgestrickt.de\/blog\/#website\",\"url\":\"https:\/\/www.linksgestrickt.de\/blog\/\",\"name\":\"\",\"description\":\"nie mehr den Faden verlieren\",\"potentialAction\":[{\"@type\":\"SearchAction\",\"target\":{\"@type\":\"EntryPoint\",\"urlTemplate\":\"https:\/\/www.linksgestrickt.de\/blog\/?s={search_term_string}\"},\"query-input\":\"required name=search_term_string\"}],\"inLanguage\":\"en-US\"},{\"@type\":\"Person\",\"@id\":\"https:\/\/www.linksgestrickt.de\/blog\/#\/schema\/person\/956849e894b2cbf6c193771750b795b2\",\"name\":\"Patricia\",\"image\":{\"@type\":\"ImageObject\",\"inLanguage\":\"en-US\",\"@id\":\"https:\/\/www.linksgestrickt.de\/blog\/#\/schema\/person\/image\/\",\"url\":\"https:\/\/secure.gravatar.com\/avatar\/afa3270040307cf0ac53166e712c5f65?s=96&d=mm&r=g\",\"contentUrl\":\"https:\/\/secure.gravatar.com\/avatar\/afa3270040307cf0ac53166e712c5f65?s=96&d=mm&r=g\",\"caption\":\"Patricia\"},\"url\":\"https:\/\/www.linksgestrickt.de\/blog\/author\/patfis\/\"}]}<\/script>\n<!-- \/ Yoast SEO plugin. -->","yoast_head_json":{"title":"Abgenadelt: Ruteleik -","robots":{"index":"index","follow":"follow","max-snippet":"max-snippet:-1","max-image-preview":"max-image-preview:large","max-video-preview":"max-video-preview:-1"},"canonical":"https:\/\/www.linksgestrickt.de\/blog\/2017\/03\/16\/abgenadelt-ruteleik\/","og_locale":"en_US","og_type":"article","og_title":"Abgenadelt: Ruteleik -","og_description":"Dies ist eine absolute Premiere f\u00fcr mich, denn dies sind meine ersten mehrfarbig gestrickten Socken! Ich habe dieses wundersch\u00f6ne Muster auf Ravelry gefunden. Es hei\u00dft Ruteleik und stammt von der norwegischen Designerin Gro Andersen, die es dankenswerterweise umsonst zur Verf\u00fcgung gestellt hat! Gestrickt habe ich das ganze aus ganz normaler Sockenwolle in einem Jeansblau und...","og_url":"https:\/\/www.linksgestrickt.de\/blog\/2017\/03\/16\/abgenadelt-ruteleik\/","article_published_time":"2017-03-16T17:27:48+00:00","article_modified_time":"2020-05-26T21:13:19+00:00","og_image":[{"width":600,"height":420,"url":"https:\/\/www.linksgestrickt.de\/blog\/wp-content\/uploads\/2017\/09\/Ruteleik1_slider.jpg","type":"image\/jpeg"}],"author":"Patricia","twitter_misc":{"Written by":"Patricia","Est. reading time":"1 minute"},"schema":{"@context":"https:\/\/schema.org","@graph":[{"@type":"WebPage","@id":"https:\/\/www.linksgestrickt.de\/blog\/2017\/03\/16\/abgenadelt-ruteleik\/","url":"https:\/\/www.linksgestrickt.de\/blog\/2017\/03\/16\/abgenadelt-ruteleik\/","name":"Abgenadelt: Ruteleik -","isPartOf":{"@id":"https:\/\/www.linksgestrickt.de\/blog\/#website"},"datePublished":"2017-03-16T17:27:48+00:00","dateModified":"2020-05-26T21:13:19+00:00","author":{"@id":"https:\/\/www.linksgestrickt.de\/blog\/#\/schema\/person\/956849e894b2cbf6c193771750b795b2"},"inLanguage":"en-US","potentialAction":[{"@type":"ReadAction","target":["https:\/\/www.linksgestrickt.de\/blog\/2017\/03\/16\/abgenadelt-ruteleik\/"]}]},{"@type":"WebSite","@id":"https:\/\/www.linksgestrickt.de\/blog\/#website","url":"https:\/\/www.linksgestrickt.de\/blog\/","name":"","description":"nie mehr den Faden verlieren","potentialAction":[{"@type":"SearchAction","target":{"@type":"EntryPoint","urlTemplate":"https:\/\/www.linksgestrickt.de\/blog\/?s={search_term_string}"},"query-input":"required name=search_term_string"}],"inLanguage":"en-US"},{"@type":"Person","@id":"https:\/\/www.linksgestrickt.de\/blog\/#\/schema\/person\/956849e894b2cbf6c193771750b795b2","name":"Patricia","image":{"@type":"ImageObject","inLanguage":"en-US","@id":"https:\/\/www.linksgestrickt.de\/blog\/#\/schema\/person\/image\/","url":"https:\/\/secure.gravatar.com\/avatar\/afa3270040307cf0ac53166e712c5f65?s=96&d=mm&r=g","contentUrl":"https:\/\/secure.gravatar.com\/avatar\/afa3270040307cf0ac53166e712c5f65?s=96&d=mm&r=g","caption":"Patricia"},"url":"https:\/\/www.linksgestrickt.de\/blog\/author\/patfis\/"}]}},"_links":{"self":[{"href":"https:\/\/www.linksgestrickt.de\/blog\/wp-json\/wp\/v2\/posts\/1790"}],"collection":[{"href":"https:\/\/www.linksgestrickt.de\/blog\/wp-json\/wp\/v2\/posts"}],"about":[{"href":"https:\/\/www.linksgestrickt.de\/blog\/wp-json\/wp\/v2\/types\/post"}],"author":[{"embeddable":true,"href":"https:\/\/www.linksgestrickt.de\/blog\/wp-json\/wp\/v2\/users\/1"}],"replies":[{"embeddable":true,"href":"https:\/\/www.linksgestrickt.de\/blog\/wp-json\/wp\/v2\/comments?post=1790"}],"version-history":[{"count":6,"href":"https:\/\/www.linksgestrickt.de\/blog\/wp-json\/wp\/v2\/posts\/1790\/revisions"}],"predecessor-version":[{"id":1885,"href":"https:\/\/www.linksgestrickt.de\/blog\/wp-json\/wp\/v2\/posts\/1790\/revisions\/1885"}],"wp:featuredmedia":[{"embeddable":true,"href":"https:\/\/www.linksgestrickt.de\/blog\/wp-json\/wp\/v2\/media\/1881"}],"wp:attachment":[{"href":"https:\/\/www.linksgestrickt.de\/blog\/wp-json\/wp\/v2\/media?parent=1790"}],"wp:term":[{"taxonomy":"category","embeddable":true,"href":"https:\/\/www.linksgestrickt.de\/blog\/wp-json\/wp\/v2\/categories?post=1790"},{"taxonomy":"post_tag","embeddable":true,"href":"https:\/\/www.linksgestrickt.de\/blog\/wp-json\/wp\/v2\/tags?post=1790"}],"curies":[{"name":"wp","href":"https:\/\/api.w.org\/{rel}","templated":true}]}}