{"id":1862,"date":"2017-09-22T09:41:17","date_gmt":"2017-09-22T07:41:17","guid":{"rendered":"https:\/\/www.linksgestrickt.de\/blog\/?p=1862"},"modified":"2020-05-26T23:12:31","modified_gmt":"2020-05-26T21:12:31","slug":"tynn-merinoull-von-sandnes-nun-im-sortiment","status":"publish","type":"post","link":"https:\/\/www.linksgestrickt.de\/blog\/2017\/09\/22\/tynn-merinoull-von-sandnes-nun-im-sortiment\/","title":{"rendered":"Tynn Merinoull von Sandnes nun im Sortiment"},"content":{"rendered":"<p>Geht es Euch genauso, dass sich nun im Freundes- und Familienkreis eine ganze Reihe neuer Babys anmelden? Um die neuen Erdenb\u00fcrger geb\u00fchrend zu begr\u00fc\u00dfen muss nat\u00fcrlich etwas gestrickt werden, sei es ein kleiner Pullover oder gar eine ganze Babydecke. Weich soll es auf jeden Fall sein und m\u00f6glichst maschinenwaschbar, denn wer hat mit einem kleinen S\u00e4ugling Zeit f\u00fcr Handw\u00e4sche?<\/p>\n<p><img decoding=\"async\" loading=\"lazy\" class=\"aligncenter wp-image-1863 size-full\" src=\"https:\/\/www.linksgestrickt.de\/blog\/wp-content\/uploads\/2017\/09\/TynnMerino_all_600.jpg\" alt=\"\" width=\"600\" height=\"400\" srcset=\"https:\/\/www.linksgestrickt.de\/blog\/wp-content\/uploads\/2017\/09\/TynnMerino_all_600.jpg 600w, https:\/\/www.linksgestrickt.de\/blog\/wp-content\/uploads\/2017\/09\/TynnMerino_all_600-300x200.jpg 300w\" sizes=\"(max-width: 600px) 100vw, 600px\" \/><\/p>\n<p>Wenn Ihr also auf der Suche seid nach einer sch\u00f6nen weichen Merinowolle (sei es f\u00fcr ein Baby oder f\u00fcr Euch selbst), die laut Hersteller ohne Mulesing auskommt und zudem eine Superwash-Ausr\u00fcstung besitzt, dann seid hier bei der Sandnes Tynn Merinoull genau richtig.<\/p>\n<p>Sie besitzt eine Laufl\u00e4nge von 175m auf 50g, eine wunderbare Zwirnung und wir beiten sie in 16 abwechslungsreichen Farben an (klick in den Shop).<\/p>\n<p>Wer Strickinspiration f\u00fcr Babys und Kinder sucht, dem sei das Sandnes Heft 0216DE ans Herz gelegt, das es nun bei uns in deutscher Fassung zu kaufen gibt. (klick in den Shop). Ein Blick in Richtung Ravelry zeigt, was man alles Sch\u00f6nes mit der Wolle anstellen kann &#8211; Stichwort mehrfarbiges Stricken oder Zopfmuster (<a href=\"http:\/\/www.ravelry.com\/projects\/search#page=1&amp;yarn-link=sandnes-garn-tynn-merinoull&amp;sort=favorites&amp;view=thumbs\" target=\"_blank\" rel=\"noopener\">klick<\/a> zu Ravelry).<img decoding=\"async\" loading=\"lazy\" class=\"aligncenter size-full wp-image-1866\" src=\"https:\/\/www.linksgestrickt.de\/blog\/wp-content\/uploads\/2017\/09\/Sandnes0216DE.jpg\" alt=\"\" width=\"600\" height=\"851\" srcset=\"https:\/\/www.linksgestrickt.de\/blog\/wp-content\/uploads\/2017\/09\/Sandnes0216DE.jpg 600w, https:\/\/www.linksgestrickt.de\/blog\/wp-content\/uploads\/2017\/09\/Sandnes0216DE-212x300.jpg 212w\" sizes=\"(max-width: 600px) 100vw, 600px\" \/><\/p>\n<p>Unendlich viele M\u00f6glichkeiten&#8230; \ud83d\ude42<\/p>\n<p><span style=\"border-radius: 2px; text-indent: 20px; width: auto; padding: 0px 4px 0px 0px; text-align: center; font: bold 11px\/20px 'Helvetica Neue',Helvetica,sans-serif; color: #ffffff; background: #bd081c no-repeat scroll 3px 50% \/ 14px 14px; position: absolute; opacity: 1; z-index: 8675309; display: none; cursor: pointer; top: 716px; left: 261px;\">Merken<\/span><\/p>\n<p><span style=\"border-radius: 2px; text-indent: 20px; width: auto; padding: 0px 4px 0px 0px; text-align: center; font: bold 11px\/20px 'Helvetica Neue',Helvetica,sans-serif; color: #ffffff; background: #bd081c no-repeat scroll 3px 50% \/ 14px 14px; position: absolute; opacity: 1; z-index: 8675309; display: none; cursor: pointer;\">Merken<\/span><\/p>\n","protected":false},"excerpt":{"rendered":"<p>Geht es Euch genauso, dass sich nun im Freundes- und Familienkreis eine ganze Reihe neuer Babys anmelden? Um die neuen Erdenb\u00fcrger geb\u00fchrend zu begr\u00fc\u00dfen muss nat\u00fcrlich etwas gestrickt werden, sei es ein kleiner Pullover oder gar eine ganze Babydecke. Weich soll es auf jeden Fall sein und m\u00f6glichst maschinenwaschbar, denn wer hat mit einem kleinen&#8230;<\/p>\n","protected":false},"author":1,"featured_media":1882,"comment_status":"open","ping_status":"open","sticky":false,"template":"","format":"standard","meta":{"footnotes":""},"categories":[30,18,43,19,15,72],"tags":[42,36,48,44,47,10,74],"yoast_head":"<!-- This site is optimized with the Yoast SEO plugin v21.1 - https:\/\/yoast.com\/wordpress\/plugins\/seo\/ -->\n<title>Tynn Merinoull von Sandnes nun im Sortiment -<\/title>\n<meta name=\"robots\" content=\"index, follow, max-snippet:-1, max-image-preview:large, max-video-preview:-1\" \/>\n<link rel=\"canonical\" href=\"https:\/\/www.linksgestrickt.de\/blog\/2017\/09\/22\/tynn-merinoull-von-sandnes-nun-im-sortiment\/\" \/>\n<meta property=\"og:locale\" content=\"en_US\" \/>\n<meta property=\"og:type\" content=\"article\" \/>\n<meta property=\"og:title\" content=\"Tynn Merinoull von Sandnes nun im Sortiment -\" \/>\n<meta property=\"og:description\" content=\"Geht es Euch genauso, dass sich nun im Freundes- und Familienkreis eine ganze Reihe neuer Babys anmelden? Um die neuen Erdenb\u00fcrger geb\u00fchrend zu begr\u00fc\u00dfen muss nat\u00fcrlich etwas gestrickt werden, sei es ein kleiner Pullover oder gar eine ganze Babydecke. Weich soll es auf jeden Fall sein und m\u00f6glichst maschinenwaschbar, denn wer hat mit einem kleinen...\" \/>\n<meta property=\"og:url\" content=\"https:\/\/www.linksgestrickt.de\/blog\/2017\/09\/22\/tynn-merinoull-von-sandnes-nun-im-sortiment\/\" \/>\n<meta property=\"article:published_time\" content=\"2017-09-22T07:41:17+00:00\" \/>\n<meta property=\"article:modified_time\" content=\"2020-05-26T21:12:31+00:00\" \/>\n<meta property=\"og:image\" content=\"https:\/\/www.linksgestrickt.de\/blog\/wp-content\/uploads\/2017\/09\/TynnMerino_all_slider.jpg\" \/>\n\t<meta property=\"og:image:width\" content=\"600\" \/>\n\t<meta property=\"og:image:height\" content=\"420\" \/>\n\t<meta property=\"og:image:type\" content=\"image\/jpeg\" \/>\n<meta name=\"author\" content=\"Patricia\" \/>\n<meta name=\"twitter:label1\" content=\"Written by\" \/>\n\t<meta name=\"twitter:data1\" content=\"Patricia\" \/>\n\t<meta name=\"twitter:label2\" content=\"Est. reading time\" \/>\n\t<meta name=\"twitter:data2\" content=\"1 minute\" \/>\n<script type=\"application\/ld+json\" class=\"yoast-schema-graph\">{\"@context\":\"https:\/\/schema.org\",\"@graph\":[{\"@type\":\"WebPage\",\"@id\":\"https:\/\/www.linksgestrickt.de\/blog\/2017\/09\/22\/tynn-merinoull-von-sandnes-nun-im-sortiment\/\",\"url\":\"https:\/\/www.linksgestrickt.de\/blog\/2017\/09\/22\/tynn-merinoull-von-sandnes-nun-im-sortiment\/\",\"name\":\"Tynn Merinoull von Sandnes nun im Sortiment -\",\"isPartOf\":{\"@id\":\"https:\/\/www.linksgestrickt.de\/blog\/#website\"},\"datePublished\":\"2017-09-22T07:41:17+00:00\",\"dateModified\":\"2020-05-26T21:12:31+00:00\",\"author\":{\"@id\":\"https:\/\/www.linksgestrickt.de\/blog\/#\/schema\/person\/956849e894b2cbf6c193771750b795b2\"},\"inLanguage\":\"en-US\",\"potentialAction\":[{\"@type\":\"ReadAction\",\"target\":[\"https:\/\/www.linksgestrickt.de\/blog\/2017\/09\/22\/tynn-merinoull-von-sandnes-nun-im-sortiment\/\"]}]},{\"@type\":\"WebSite\",\"@id\":\"https:\/\/www.linksgestrickt.de\/blog\/#website\",\"url\":\"https:\/\/www.linksgestrickt.de\/blog\/\",\"name\":\"\",\"description\":\"nie mehr den Faden verlieren\",\"potentialAction\":[{\"@type\":\"SearchAction\",\"target\":{\"@type\":\"EntryPoint\",\"urlTemplate\":\"https:\/\/www.linksgestrickt.de\/blog\/?s={search_term_string}\"},\"query-input\":\"required name=search_term_string\"}],\"inLanguage\":\"en-US\"},{\"@type\":\"Person\",\"@id\":\"https:\/\/www.linksgestrickt.de\/blog\/#\/schema\/person\/956849e894b2cbf6c193771750b795b2\",\"name\":\"Patricia\",\"image\":{\"@type\":\"ImageObject\",\"inLanguage\":\"en-US\",\"@id\":\"https:\/\/www.linksgestrickt.de\/blog\/#\/schema\/person\/image\/\",\"url\":\"https:\/\/secure.gravatar.com\/avatar\/afa3270040307cf0ac53166e712c5f65?s=96&d=mm&r=g\",\"contentUrl\":\"https:\/\/secure.gravatar.com\/avatar\/afa3270040307cf0ac53166e712c5f65?s=96&d=mm&r=g\",\"caption\":\"Patricia\"},\"url\":\"https:\/\/www.linksgestrickt.de\/blog\/author\/patfis\/\"}]}<\/script>\n<!-- \/ Yoast SEO plugin. -->","yoast_head_json":{"title":"Tynn Merinoull von Sandnes nun im Sortiment -","robots":{"index":"index","follow":"follow","max-snippet":"max-snippet:-1","max-image-preview":"max-image-preview:large","max-video-preview":"max-video-preview:-1"},"canonical":"https:\/\/www.linksgestrickt.de\/blog\/2017\/09\/22\/tynn-merinoull-von-sandnes-nun-im-sortiment\/","og_locale":"en_US","og_type":"article","og_title":"Tynn Merinoull von Sandnes nun im Sortiment -","og_description":"Geht es Euch genauso, dass sich nun im Freundes- und Familienkreis eine ganze Reihe neuer Babys anmelden? Um die neuen Erdenb\u00fcrger geb\u00fchrend zu begr\u00fc\u00dfen muss nat\u00fcrlich etwas gestrickt werden, sei es ein kleiner Pullover oder gar eine ganze Babydecke. Weich soll es auf jeden Fall sein und m\u00f6glichst maschinenwaschbar, denn wer hat mit einem kleinen...","og_url":"https:\/\/www.linksgestrickt.de\/blog\/2017\/09\/22\/tynn-merinoull-von-sandnes-nun-im-sortiment\/","article_published_time":"2017-09-22T07:41:17+00:00","article_modified_time":"2020-05-26T21:12:31+00:00","og_image":[{"width":600,"height":420,"url":"https:\/\/www.linksgestrickt.de\/blog\/wp-content\/uploads\/2017\/09\/TynnMerino_all_slider.jpg","type":"image\/jpeg"}],"author":"Patricia","twitter_misc":{"Written by":"Patricia","Est. reading time":"1 minute"},"schema":{"@context":"https:\/\/schema.org","@graph":[{"@type":"WebPage","@id":"https:\/\/www.linksgestrickt.de\/blog\/2017\/09\/22\/tynn-merinoull-von-sandnes-nun-im-sortiment\/","url":"https:\/\/www.linksgestrickt.de\/blog\/2017\/09\/22\/tynn-merinoull-von-sandnes-nun-im-sortiment\/","name":"Tynn Merinoull von Sandnes nun im Sortiment -","isPartOf":{"@id":"https:\/\/www.linksgestrickt.de\/blog\/#website"},"datePublished":"2017-09-22T07:41:17+00:00","dateModified":"2020-05-26T21:12:31+00:00","author":{"@id":"https:\/\/www.linksgestrickt.de\/blog\/#\/schema\/person\/956849e894b2cbf6c193771750b795b2"},"inLanguage":"en-US","potentialAction":[{"@type":"ReadAction","target":["https:\/\/www.linksgestrickt.de\/blog\/2017\/09\/22\/tynn-merinoull-von-sandnes-nun-im-sortiment\/"]}]},{"@type":"WebSite","@id":"https:\/\/www.linksgestrickt.de\/blog\/#website","url":"https:\/\/www.linksgestrickt.de\/blog\/","name":"","description":"nie mehr den Faden verlieren","potentialAction":[{"@type":"SearchAction","target":{"@type":"EntryPoint","urlTemplate":"https:\/\/www.linksgestrickt.de\/blog\/?s={search_term_string}"},"query-input":"required name=search_term_string"}],"inLanguage":"en-US"},{"@type":"Person","@id":"https:\/\/www.linksgestrickt.de\/blog\/#\/schema\/person\/956849e894b2cbf6c193771750b795b2","name":"Patricia","image":{"@type":"ImageObject","inLanguage":"en-US","@id":"https:\/\/www.linksgestrickt.de\/blog\/#\/schema\/person\/image\/","url":"https:\/\/secure.gravatar.com\/avatar\/afa3270040307cf0ac53166e712c5f65?s=96&d=mm&r=g","contentUrl":"https:\/\/secure.gravatar.com\/avatar\/afa3270040307cf0ac53166e712c5f65?s=96&d=mm&r=g","caption":"Patricia"},"url":"https:\/\/www.linksgestrickt.de\/blog\/author\/patfis\/"}]}},"_links":{"self":[{"href":"https:\/\/www.linksgestrickt.de\/blog\/wp-json\/wp\/v2\/posts\/1862"}],"collection":[{"href":"https:\/\/www.linksgestrickt.de\/blog\/wp-json\/wp\/v2\/posts"}],"about":[{"href":"https:\/\/www.linksgestrickt.de\/blog\/wp-json\/wp\/v2\/types\/post"}],"author":[{"embeddable":true,"href":"https:\/\/www.linksgestrickt.de\/blog\/wp-json\/wp\/v2\/users\/1"}],"replies":[{"embeddable":true,"href":"https:\/\/www.linksgestrickt.de\/blog\/wp-json\/wp\/v2\/comments?post=1862"}],"version-history":[{"count":6,"href":"https:\/\/www.linksgestrickt.de\/blog\/wp-json\/wp\/v2\/posts\/1862\/revisions"}],"predecessor-version":[{"id":1870,"href":"https:\/\/www.linksgestrickt.de\/blog\/wp-json\/wp\/v2\/posts\/1862\/revisions\/1870"}],"wp:featuredmedia":[{"embeddable":true,"href":"https:\/\/www.linksgestrickt.de\/blog\/wp-json\/wp\/v2\/media\/1882"}],"wp:attachment":[{"href":"https:\/\/www.linksgestrickt.de\/blog\/wp-json\/wp\/v2\/media?parent=1862"}],"wp:term":[{"taxonomy":"category","embeddable":true,"href":"https:\/\/www.linksgestrickt.de\/blog\/wp-json\/wp\/v2\/categories?post=1862"},{"taxonomy":"post_tag","embeddable":true,"href":"https:\/\/www.linksgestrickt.de\/blog\/wp-json\/wp\/v2\/tags?post=1862"}],"curies":[{"name":"wp","href":"https:\/\/api.w.org\/{rel}","templated":true}]}}