{"id":1911,"date":"2017-12-08T14:30:06","date_gmt":"2017-12-08T12:30:06","guid":{"rendered":"https:\/\/www.linksgestrickt.de\/blog\/?p=1911"},"modified":"2018-09-12T12:24:41","modified_gmt":"2018-09-12T10:24:41","slug":"holst-coast-neuen-frischen-farben","status":"publish","type":"post","link":"https:\/\/www.linksgestrickt.de\/blog\/2017\/12\/08\/holst-coast-neuen-frischen-farben\/","title":{"rendered":"Holst Coast in neuen frischen Farben"},"content":{"rendered":"<h4>Von wegen Winter: Holst Coast l\u00e4utet mit seinen 28 neuen Farben den n\u00e4chsten Fr\u00fchling ein!<\/h4>\n<p>Holst Garn aus D\u00e4nemark hat es gewagt und die Farbvielfalt der Holst Coast (55%Baumwolle, 45% Wolle) um 28 neue Farben bereichert. Wir konnten nicht widerstehen und haben alle in den <a href=\"https:\/\/www.linksgestrickt.de\/wolle\/holst-garn\/coast.html\">linksgestrickt-Shop<\/a> aufgenommen. Nicht zuletzt um das winterliche Grau-in Grau- zu vertreiben.<\/p>\n<p>Hier eine kleine Zusammenstellung:<\/p>\n<p><img decoding=\"async\" loading=\"lazy\" class=\"aligncenter size-full wp-image-1972\" src=\"https:\/\/www.linksgestrickt.de\/blog\/wp-content\/uploads\/2017\/12\/Coast_neu_rot.jpg\" alt=\"\" width=\"600\" height=\"600\" srcset=\"https:\/\/www.linksgestrickt.de\/blog\/wp-content\/uploads\/2017\/12\/Coast_neu_rot.jpg 600w, https:\/\/www.linksgestrickt.de\/blog\/wp-content\/uploads\/2017\/12\/Coast_neu_rot-290x290.jpg 290w, https:\/\/www.linksgestrickt.de\/blog\/wp-content\/uploads\/2017\/12\/Coast_neu_rot-300x300.jpg 300w, https:\/\/www.linksgestrickt.de\/blog\/wp-content\/uploads\/2017\/12\/Coast_neu_rot-120x120.jpg 120w\" sizes=\"(max-width: 600px) 100vw, 600px\" \/><\/p>\n<p><img decoding=\"async\" loading=\"lazy\" class=\"aligncenter size-full wp-image-1971\" src=\"https:\/\/www.linksgestrickt.de\/blog\/wp-content\/uploads\/2017\/12\/Coast_neu_gr\u00fcn.jpg\" alt=\"\" width=\"600\" height=\"600\" srcset=\"https:\/\/www.linksgestrickt.de\/blog\/wp-content\/uploads\/2017\/12\/Coast_neu_gr\u00fcn.jpg 600w, https:\/\/www.linksgestrickt.de\/blog\/wp-content\/uploads\/2017\/12\/Coast_neu_gr\u00fcn-290x290.jpg 290w, https:\/\/www.linksgestrickt.de\/blog\/wp-content\/uploads\/2017\/12\/Coast_neu_gr\u00fcn-300x300.jpg 300w, https:\/\/www.linksgestrickt.de\/blog\/wp-content\/uploads\/2017\/12\/Coast_neu_gr\u00fcn-120x120.jpg 120w\" sizes=\"(max-width: 600px) 100vw, 600px\" \/><\/p>\n<p>Euch wird es auffallen: einige der Farben sind dicht an bereits vorhandene Farben angelehnt und werden diese auch bald ersetzen. Mit Sicherheit kann ich dies von der Coast Denim sagen. Sie wird durch Coast River ersetzt.<\/p>\n<p>Auf Ravelry gibt es nat\u00fcrlich eine ganze Menge toller Strickinspiration. Ich habe hier meine pers\u00f6nlichen Highlights von Ravellern herausgesucht, die Holst Coast in ihren Projekten verstrickt haben.<br \/>\nMit einer Laufl\u00e4nge von 350m\/50g ist die Holst Coast sehr ergiebig und die Zusammensetzung aus 55% Lammwolle und 45% Baumwolle ist auch etwas f\u00fcr diejenigen, die die Supersoft als zu rustikal empfinden.<\/p>\n<p>Der Schal Mondsee, der hier von Janevi gestrickt und von Monie Ebner designt wurde, erh\u00e4lt seine farblichen Akzente durch verk\u00fcrzte Reihen, die dazu einladen, die neuen Farben nach Lust und Laune zu kombinieren.<\/p>\n<p><img decoding=\"async\" loading=\"lazy\" class=\"aligncenter size-full wp-image-1975\" src=\"https:\/\/www.linksgestrickt.de\/blog\/wp-content\/uploads\/2017\/12\/Janevi_Mondsee.jpg\" alt=\"\" width=\"600\" height=\"420\" srcset=\"https:\/\/www.linksgestrickt.de\/blog\/wp-content\/uploads\/2017\/12\/Janevi_Mondsee.jpg 600w, https:\/\/www.linksgestrickt.de\/blog\/wp-content\/uploads\/2017\/12\/Janevi_Mondsee-300x210.jpg 300w, https:\/\/www.linksgestrickt.de\/blog\/wp-content\/uploads\/2017\/12\/Janevi_Mondsee-500x350.jpg 500w\" sizes=\"(max-width: 600px) 100vw, 600px\" \/><\/p>\n<p style=\"text-align: center;\"><a href=\"https:\/\/www.ravelry.com\/projects\/Janevi\/mondsee\" target=\"_blank\" rel=\"noopener\"><em>Mondsee von Janevi via Ravelry nach einem gleichnamigen Design von Monie Ebner<\/em><\/a><\/p>\n<p>Vielleicht habt Ihr schon eine Farbe im Auge und seid nur noch auf der Suche nach dem passenden Muster f\u00fcr ein Pullover, z.B. April von Isabel Kraemer, hier gestrickt von nestknitting in der Farbe Dove. Der Pullover wird top-down gestrickt und zeichnet sich nicht nur durch ein wundersch\u00f6nes Lace-Muster, sondern auch durch eine interessante Sattelschulter-Konstruktion aus.<\/p>\n<p><img decoding=\"async\" loading=\"lazy\" class=\"aligncenter size-full wp-image-1978\" src=\"https:\/\/www.linksgestrickt.de\/blog\/wp-content\/uploads\/2017\/12\/nestknitting_aprilbythesea.jpg\" alt=\"\" width=\"598\" height=\"420\" srcset=\"https:\/\/www.linksgestrickt.de\/blog\/wp-content\/uploads\/2017\/12\/nestknitting_aprilbythesea.jpg 598w, https:\/\/www.linksgestrickt.de\/blog\/wp-content\/uploads\/2017\/12\/nestknitting_aprilbythesea-300x211.jpg 300w, https:\/\/www.linksgestrickt.de\/blog\/wp-content\/uploads\/2017\/12\/nestknitting_aprilbythesea-500x350.jpg 500w\" sizes=\"(max-width: 598px) 100vw, 598px\" \/><\/p>\n<p style=\"text-align: center;\"><a href=\"https:\/\/www.ravelry.com\/projects\/nestknitting\/april\" target=\"_blank\" rel=\"noopener\"><em>April by the sea von nestknitting via Ravelry, nach dem Design April von Isabell Kraemer<\/em><\/a><\/p>\n<p>Wer es winterlicher und evt. auch mehrfarbig mag, kann einen Blick auf den Stasis Pullover von Leila Raabe werfen. Dieses Foto stammt von ferdinanda und zeigt eine wundersch\u00f6ne Version in den Farben Nimbus und Ecru. Die Designerin Leila Raabe wurde bei diesem Entwurf durch verschiedene Schwarzstickerei-Muster inspiriert.<\/p>\n<p><img decoding=\"async\" loading=\"lazy\" class=\"aligncenter size-full wp-image-1979\" src=\"https:\/\/www.linksgestrickt.de\/blog\/wp-content\/uploads\/2017\/12\/ferdinanda_stasis.jpg\" alt=\"\" width=\"640\" height=\"425\" srcset=\"https:\/\/www.linksgestrickt.de\/blog\/wp-content\/uploads\/2017\/12\/ferdinanda_stasis.jpg 640w, https:\/\/www.linksgestrickt.de\/blog\/wp-content\/uploads\/2017\/12\/ferdinanda_stasis-300x199.jpg 300w\" sizes=\"(max-width: 640px) 100vw, 640px\" \/><\/p>\n<p style=\"text-align: center;\"><em><a href=\"https:\/\/www.ravelry.com\/projects\/ferdinanda\/stasis-pullover\" target=\"_blank\" rel=\"noopener\">Stasis von ferdinanda via Ravelry nach einem gleichnamigen Design von Leila Raabe<\/a><\/em><\/p>\n<p>Die gro\u00dfe Farbvielfalt von Holst l\u00e4dt aber auch dazu ein, Designs von Stephen West in Angriff zu nehmen. Mein pers\u00f6nlicher Favorit ist der Pullover Enchanted Mesa, hier gestrickt von omayeur, da ich die ganze Konstruktion super interessant finde<\/p>\n<p><img decoding=\"async\" loading=\"lazy\" class=\"aligncenter size-full wp-image-1991\" src=\"https:\/\/www.linksgestrickt.de\/blog\/wp-content\/uploads\/2017\/12\/IMG_20171011_173350_medium2.jpg\" alt=\"\" width=\"480\" height=\"640\" srcset=\"https:\/\/www.linksgestrickt.de\/blog\/wp-content\/uploads\/2017\/12\/IMG_20171011_173350_medium2.jpg 480w, https:\/\/www.linksgestrickt.de\/blog\/wp-content\/uploads\/2017\/12\/IMG_20171011_173350_medium2-225x300.jpg 225w\" sizes=\"(max-width: 480px) 100vw, 480px\" \/><\/p>\n<p style=\"text-align: center;\"><a href=\"https:\/\/www.ravelry.com\/projects\/omayeur\/enchanted-mesa\" target=\"_blank\" rel=\"noopener\">Enchanted Mesa von omayeur via Ravelry nach dem gleichnamigen Design von Stephen West<\/a><\/p>\n<p>Ich hoffe, ich konnte Euch ein bi\u00dfchen Appetit auf das ein oder andere neue Projekt machen. Vielen Dank an die Raveller Janevi,nestknitting, ferdinanda und omayeur, dass ich Eure Werke zeigen durfte \ud83d\ude42<\/p>\n","protected":false},"excerpt":{"rendered":"<p>Von wegen Winter: Holst Coast l\u00e4utet mit seinen 28 neuen Farben den n\u00e4chsten Fr\u00fchling ein! Holst Garn aus D\u00e4nemark hat es gewagt und die Farbvielfalt der Holst Coast (55%Baumwolle, 45% Wolle) um 28 neue Farben bereichert. Wir konnten nicht widerstehen und haben alle in den linksgestrickt-Shop aufgenommen. Nicht zuletzt um das winterliche Grau-in Grau- zu&#8230;<\/p>\n","protected":false},"author":1,"featured_media":1981,"comment_status":"open","ping_status":"open","sticky":false,"template":"","format":"standard","meta":{"footnotes":""},"categories":[16,30,12,18,22],"tags":[34,78,59,47,10],"yoast_head":"<!-- This site is optimized with the Yoast SEO plugin v21.1 - https:\/\/yoast.com\/wordpress\/plugins\/seo\/ -->\n<title>Holst Coast in neuen frischen Farben -<\/title>\n<meta name=\"robots\" content=\"index, follow, max-snippet:-1, max-image-preview:large, max-video-preview:-1\" \/>\n<link rel=\"canonical\" href=\"https:\/\/www.linksgestrickt.de\/blog\/2017\/12\/08\/holst-coast-neuen-frischen-farben\/\" \/>\n<meta property=\"og:locale\" content=\"en_US\" \/>\n<meta property=\"og:type\" content=\"article\" \/>\n<meta property=\"og:title\" content=\"Holst Coast in neuen frischen Farben -\" \/>\n<meta property=\"og:description\" content=\"Von wegen Winter: Holst Coast l\u00e4utet mit seinen 28 neuen Farben den n\u00e4chsten Fr\u00fchling ein! Holst Garn aus D\u00e4nemark hat es gewagt und die Farbvielfalt der Holst Coast (55%Baumwolle, 45% Wolle) um 28 neue Farben bereichert. Wir konnten nicht widerstehen und haben alle in den linksgestrickt-Shop aufgenommen. Nicht zuletzt um das winterliche Grau-in Grau- zu...\" \/>\n<meta property=\"og:url\" content=\"https:\/\/www.linksgestrickt.de\/blog\/2017\/12\/08\/holst-coast-neuen-frischen-farben\/\" \/>\n<meta property=\"article:published_time\" content=\"2017-12-08T12:30:06+00:00\" \/>\n<meta property=\"article:modified_time\" content=\"2018-09-12T10:24:41+00:00\" \/>\n<meta property=\"og:image\" content=\"https:\/\/www.linksgestrickt.de\/blog\/wp-content\/uploads\/2017\/12\/Coast_neu_rot_slider.jpg\" \/>\n\t<meta property=\"og:image:width\" content=\"600\" \/>\n\t<meta property=\"og:image:height\" content=\"420\" \/>\n\t<meta property=\"og:image:type\" content=\"image\/jpeg\" \/>\n<meta name=\"author\" content=\"Patricia\" \/>\n<meta name=\"twitter:label1\" content=\"Written by\" \/>\n\t<meta name=\"twitter:data1\" content=\"Patricia\" \/>\n\t<meta name=\"twitter:label2\" content=\"Est. reading time\" \/>\n\t<meta name=\"twitter:data2\" content=\"2 minutes\" \/>\n<script type=\"application\/ld+json\" class=\"yoast-schema-graph\">{\"@context\":\"https:\/\/schema.org\",\"@graph\":[{\"@type\":\"WebPage\",\"@id\":\"https:\/\/www.linksgestrickt.de\/blog\/2017\/12\/08\/holst-coast-neuen-frischen-farben\/\",\"url\":\"https:\/\/www.linksgestrickt.de\/blog\/2017\/12\/08\/holst-coast-neuen-frischen-farben\/\",\"name\":\"Holst Coast in neuen frischen Farben -\",\"isPartOf\":{\"@id\":\"https:\/\/www.linksgestrickt.de\/blog\/#website\"},\"datePublished\":\"2017-12-08T12:30:06+00:00\",\"dateModified\":\"2018-09-12T10:24:41+00:00\",\"author\":{\"@id\":\"https:\/\/www.linksgestrickt.de\/blog\/#\/schema\/person\/956849e894b2cbf6c193771750b795b2\"},\"inLanguage\":\"en-US\",\"potentialAction\":[{\"@type\":\"ReadAction\",\"target\":[\"https:\/\/www.linksgestrickt.de\/blog\/2017\/12\/08\/holst-coast-neuen-frischen-farben\/\"]}]},{\"@type\":\"WebSite\",\"@id\":\"https:\/\/www.linksgestrickt.de\/blog\/#website\",\"url\":\"https:\/\/www.linksgestrickt.de\/blog\/\",\"name\":\"\",\"description\":\"nie mehr den Faden verlieren\",\"potentialAction\":[{\"@type\":\"SearchAction\",\"target\":{\"@type\":\"EntryPoint\",\"urlTemplate\":\"https:\/\/www.linksgestrickt.de\/blog\/?s={search_term_string}\"},\"query-input\":\"required name=search_term_string\"}],\"inLanguage\":\"en-US\"},{\"@type\":\"Person\",\"@id\":\"https:\/\/www.linksgestrickt.de\/blog\/#\/schema\/person\/956849e894b2cbf6c193771750b795b2\",\"name\":\"Patricia\",\"image\":{\"@type\":\"ImageObject\",\"inLanguage\":\"en-US\",\"@id\":\"https:\/\/www.linksgestrickt.de\/blog\/#\/schema\/person\/image\/\",\"url\":\"https:\/\/secure.gravatar.com\/avatar\/afa3270040307cf0ac53166e712c5f65?s=96&d=mm&r=g\",\"contentUrl\":\"https:\/\/secure.gravatar.com\/avatar\/afa3270040307cf0ac53166e712c5f65?s=96&d=mm&r=g\",\"caption\":\"Patricia\"},\"url\":\"https:\/\/www.linksgestrickt.de\/blog\/author\/patfis\/\"}]}<\/script>\n<!-- \/ Yoast SEO plugin. -->","yoast_head_json":{"title":"Holst Coast in neuen frischen Farben -","robots":{"index":"index","follow":"follow","max-snippet":"max-snippet:-1","max-image-preview":"max-image-preview:large","max-video-preview":"max-video-preview:-1"},"canonical":"https:\/\/www.linksgestrickt.de\/blog\/2017\/12\/08\/holst-coast-neuen-frischen-farben\/","og_locale":"en_US","og_type":"article","og_title":"Holst Coast in neuen frischen Farben -","og_description":"Von wegen Winter: Holst Coast l\u00e4utet mit seinen 28 neuen Farben den n\u00e4chsten Fr\u00fchling ein! Holst Garn aus D\u00e4nemark hat es gewagt und die Farbvielfalt der Holst Coast (55%Baumwolle, 45% Wolle) um 28 neue Farben bereichert. Wir konnten nicht widerstehen und haben alle in den linksgestrickt-Shop aufgenommen. Nicht zuletzt um das winterliche Grau-in Grau- zu...","og_url":"https:\/\/www.linksgestrickt.de\/blog\/2017\/12\/08\/holst-coast-neuen-frischen-farben\/","article_published_time":"2017-12-08T12:30:06+00:00","article_modified_time":"2018-09-12T10:24:41+00:00","og_image":[{"width":600,"height":420,"url":"https:\/\/www.linksgestrickt.de\/blog\/wp-content\/uploads\/2017\/12\/Coast_neu_rot_slider.jpg","type":"image\/jpeg"}],"author":"Patricia","twitter_misc":{"Written by":"Patricia","Est. reading time":"2 minutes"},"schema":{"@context":"https:\/\/schema.org","@graph":[{"@type":"WebPage","@id":"https:\/\/www.linksgestrickt.de\/blog\/2017\/12\/08\/holst-coast-neuen-frischen-farben\/","url":"https:\/\/www.linksgestrickt.de\/blog\/2017\/12\/08\/holst-coast-neuen-frischen-farben\/","name":"Holst Coast in neuen frischen Farben -","isPartOf":{"@id":"https:\/\/www.linksgestrickt.de\/blog\/#website"},"datePublished":"2017-12-08T12:30:06+00:00","dateModified":"2018-09-12T10:24:41+00:00","author":{"@id":"https:\/\/www.linksgestrickt.de\/blog\/#\/schema\/person\/956849e894b2cbf6c193771750b795b2"},"inLanguage":"en-US","potentialAction":[{"@type":"ReadAction","target":["https:\/\/www.linksgestrickt.de\/blog\/2017\/12\/08\/holst-coast-neuen-frischen-farben\/"]}]},{"@type":"WebSite","@id":"https:\/\/www.linksgestrickt.de\/blog\/#website","url":"https:\/\/www.linksgestrickt.de\/blog\/","name":"","description":"nie mehr den Faden verlieren","potentialAction":[{"@type":"SearchAction","target":{"@type":"EntryPoint","urlTemplate":"https:\/\/www.linksgestrickt.de\/blog\/?s={search_term_string}"},"query-input":"required name=search_term_string"}],"inLanguage":"en-US"},{"@type":"Person","@id":"https:\/\/www.linksgestrickt.de\/blog\/#\/schema\/person\/956849e894b2cbf6c193771750b795b2","name":"Patricia","image":{"@type":"ImageObject","inLanguage":"en-US","@id":"https:\/\/www.linksgestrickt.de\/blog\/#\/schema\/person\/image\/","url":"https:\/\/secure.gravatar.com\/avatar\/afa3270040307cf0ac53166e712c5f65?s=96&d=mm&r=g","contentUrl":"https:\/\/secure.gravatar.com\/avatar\/afa3270040307cf0ac53166e712c5f65?s=96&d=mm&r=g","caption":"Patricia"},"url":"https:\/\/www.linksgestrickt.de\/blog\/author\/patfis\/"}]}},"_links":{"self":[{"href":"https:\/\/www.linksgestrickt.de\/blog\/wp-json\/wp\/v2\/posts\/1911"}],"collection":[{"href":"https:\/\/www.linksgestrickt.de\/blog\/wp-json\/wp\/v2\/posts"}],"about":[{"href":"https:\/\/www.linksgestrickt.de\/blog\/wp-json\/wp\/v2\/types\/post"}],"author":[{"embeddable":true,"href":"https:\/\/www.linksgestrickt.de\/blog\/wp-json\/wp\/v2\/users\/1"}],"replies":[{"embeddable":true,"href":"https:\/\/www.linksgestrickt.de\/blog\/wp-json\/wp\/v2\/comments?post=1911"}],"version-history":[{"count":15,"href":"https:\/\/www.linksgestrickt.de\/blog\/wp-json\/wp\/v2\/posts\/1911\/revisions"}],"predecessor-version":[{"id":1993,"href":"https:\/\/www.linksgestrickt.de\/blog\/wp-json\/wp\/v2\/posts\/1911\/revisions\/1993"}],"wp:featuredmedia":[{"embeddable":true,"href":"https:\/\/www.linksgestrickt.de\/blog\/wp-json\/wp\/v2\/media\/1981"}],"wp:attachment":[{"href":"https:\/\/www.linksgestrickt.de\/blog\/wp-json\/wp\/v2\/media?parent=1911"}],"wp:term":[{"taxonomy":"category","embeddable":true,"href":"https:\/\/www.linksgestrickt.de\/blog\/wp-json\/wp\/v2\/categories?post=1911"},{"taxonomy":"post_tag","embeddable":true,"href":"https:\/\/www.linksgestrickt.de\/blog\/wp-json\/wp\/v2\/tags?post=1911"}],"curies":[{"name":"wp","href":"https:\/\/api.w.org\/{rel}","templated":true}]}}