{"id":1995,"date":"2018-01-12T10:55:12","date_gmt":"2018-01-12T08:55:12","guid":{"rendered":"https:\/\/www.linksgestrickt.de\/blog\/?p=1995"},"modified":"2018-09-12T12:24:26","modified_gmt":"2018-09-12T10:24:26","slug":"neu-im-shop-garne-von-mirasol-und-juniper-moon-farm","status":"publish","type":"post","link":"https:\/\/www.linksgestrickt.de\/blog\/2018\/01\/12\/neu-im-shop-garne-von-mirasol-und-juniper-moon-farm\/","title":{"rendered":"Neu im Shop: Garne von Mirasol und Juniper Moon Farm"},"content":{"rendered":"<h4>Nuna, Sulka Legato und Herriot Fine bereichern nun unser Wollsortiment!<\/h4>\n<p>Ich hoffe, Ihr habt sch\u00f6ne Feiertage gehabt und seid gut ins neue Jahr gestartet. Wir unsererseits starten gleich mit neuen Garn ins neue Jahr und ich freue mich, Euch wundersch\u00f6ne Wolle von Mirasol und Juniper Moon Farm vorzustellen.<\/p>\n<h5>Mirasol<\/h5>\n<p><img decoding=\"async\" loading=\"lazy\" class=\"aligncenter wp-image-2007\" src=\"https:\/\/www.linksgestrickt.de\/blog\/wp-content\/uploads\/2018\/01\/mirasol_logo.png\" alt=\"\" width=\"157\" height=\"80\" srcset=\"https:\/\/www.linksgestrickt.de\/blog\/wp-content\/uploads\/2018\/01\/mirasol_logo.png 308w, https:\/\/www.linksgestrickt.de\/blog\/wp-content\/uploads\/2018\/01\/mirasol_logo-300x153.png 300w\" sizes=\"(max-width: 157px) 100vw, 157px\" \/><\/p>\n<p>Mirasol kommt aus Peru, wurde 2006 gegr\u00fcndet und verarbeitet Alpaka, Merinowolle, Baumwolle und Bambusfaser aus den peruanischen Anden. Die Qualit\u00e4ten bestechen nicht nur durch ihre tollen Mischungen und ihre wundersch\u00f6nen Farben. Hinter Mirasol verbirgt sich auch ein sehr wichtiges soziales Projekt. Die Wolle, aus denen eben jene Mirasol Garne hergestellt werden, stammt von Schafen und Alpakas der peruanischen Hochebene, eine ebenso abgelegene wie materiell arme Region. Mit dem Verkauf der Wolle kommt ein Teil des Geldes den Sch\u00e4fern jener Schafe zugute, ihren Familien und insbesondere ihren Kindern zugute. Ein Teil des Erl\u00f6ses wird u.a. daf\u00fcr verwendet, neue Schulen oder ein Gemeindezentrum zu bauen. Gleichzeitig wird dadurch aber auch die jahrhundertealte Tradition der Schafaufzucht in den peruanischen Anden bewahrt.<\/p>\n<h5><span class=\"text_exposed_show\">Nuna<br \/>\n<\/span><\/h5>\n<p>Mirasol Nuna ist eine edle Mischung aus 40% Merinowolle, 40% Seide und 20% Bambusfasern. Sie besitzt eine Laufl\u00e4nge von 175m\/50g und wird bei Ravelry als Sportgarn gekennzeichnet. Die besondere Mischung der Wolle verleiht dem jeweiligen Strickst\u00fcck Elastizit\u00e4t, Schimmer und einen tollen Fall. Also alles, was man sich f\u00fcr ein sch\u00f6nes Tuch oder eine besondere Strickjacke w\u00fcnscht. Wir haben Nuna in dreizehn reizvollen Farben im Sortiment, die Ihr Euch <a href=\"https:\/\/www.linksgestrickt.de\/wolle\/mirasol\/nuna.html\">hier<\/a> anschauen k\u00f6nnt.<\/p>\n<p><img decoding=\"async\" loading=\"lazy\" class=\"aligncenter size-full wp-image-2000\" src=\"https:\/\/www.linksgestrickt.de\/blog\/wp-content\/uploads\/2018\/01\/Mirasol_intro-Kopie.jpg\" alt=\"\" width=\"640\" height=\"313\" srcset=\"https:\/\/www.linksgestrickt.de\/blog\/wp-content\/uploads\/2018\/01\/Mirasol_intro-Kopie.jpg 640w, https:\/\/www.linksgestrickt.de\/blog\/wp-content\/uploads\/2018\/01\/Mirasol_intro-Kopie-300x147.jpg 300w\" sizes=\"(max-width: 640px) 100vw, 640px\" \/><\/p>\n<p>&nbsp;<\/p>\n<h5>Sulka Legato<\/h5>\n<p>In der Mirasol Sulka Legato vereinen sich 60% Merinowolle, 20% Alpaka und 20% Seide auf 251m\/50g. Das Garn ist d\u00fcnner als Nuna und eignet sich ebenso herrvorragend f\u00fcr Accessoires oder Kleidung, die einerseits leicht und elegant, andererseits aber auch w\u00e4rmend sein sollen .Wir haben Sulka Legato in neun Farbt\u00f6nen lagernd, die sich u.a. durch wundersch\u00f6ne Melierungen auszeichnen (<a href=\"https:\/\/www.linksgestrickt.de\/wolle\/mirasol\/sulka-legato.html\">hier<\/a> geht es zu den einzelnen Farbt\u00f6nen&#8230;)<\/p>\n<p><img decoding=\"async\" loading=\"lazy\" class=\"aligncenter size-full wp-image-2002\" src=\"https:\/\/www.linksgestrickt.de\/blog\/wp-content\/uploads\/2018\/01\/SulkaLeg_intro-Kopie.jpg\" alt=\"\" width=\"640\" height=\"315\" srcset=\"https:\/\/www.linksgestrickt.de\/blog\/wp-content\/uploads\/2018\/01\/SulkaLeg_intro-Kopie.jpg 640w, https:\/\/www.linksgestrickt.de\/blog\/wp-content\/uploads\/2018\/01\/SulkaLeg_intro-Kopie-300x148.jpg 300w\" sizes=\"(max-width: 640px) 100vw, 640px\" \/><\/p>\n<p>&nbsp;<\/p>\n<p style=\"text-align: center;\">Wer etwas Inspiration ben\u00f6tigt, dem sei dieses tolle Strickjacken-Projekt von HelenSpedding ans Herz gelegt, bei dem man sehen kann, dass die Sulka Legato sich auch sehr gut f\u00fcr Z\u00f6pfe unf andere Texturen eignet.<\/p>\n<p style=\"text-align: center;\"><img decoding=\"async\" loading=\"lazy\" class=\"aligncenter size-full wp-image-2011\" src=\"https:\/\/www.linksgestrickt.de\/blog\/wp-content\/uploads\/2018\/01\/Featherweight.jpg\" alt=\"\" width=\"427\" height=\"640\" srcset=\"https:\/\/www.linksgestrickt.de\/blog\/wp-content\/uploads\/2018\/01\/Featherweight.jpg 427w, https:\/\/www.linksgestrickt.de\/blog\/wp-content\/uploads\/2018\/01\/Featherweight-200x300.jpg 200w\" sizes=\"(max-width: 427px) 100vw, 427px\" \/><a href=\"https:\/\/www.ravelry.com\/projects\/HelenSpedding\/featherweight-cardigan-2\" target=\"_blank\" rel=\"noopener\">Featherweight von HelenSpedding via Ravelry nach einem gleichnamigen Design von Hannah Fettig<\/a><\/p>\n<h4>Juniper Moon Farm<\/h4>\n<p><img decoding=\"async\" loading=\"lazy\" class=\"aligncenter wp-image-2008\" src=\"https:\/\/www.linksgestrickt.de\/blog\/wp-content\/uploads\/2018\/01\/junipermoonfarm_logo.jpg\" alt=\"\" width=\"175\" height=\"141\" \/><\/p>\n<p>Juniper Moon Farm wurde 2007 von Susan Gibb und einer kleinen Herde von Schafen in Virginia\/USA gegr\u00fcndet und ist einer der Vorreiter, die sich den Leits\u00e4tzen der solidarischen Landwirtschaft (CSA &#8211; Community Supported Agriculture) im Bereich Wolle und Spinnfasern verschrieben haben. Noch heute wachsen Angora-Ziegen, Cormo-, Cotswold und Babydoll Southdown-Schafe auf der Farm unter paradiesischen Zust\u00e4nden (die heutzutage leider immer noch nicht zum Standard geh\u00f6ren) auf. Neben dem eigenen Fleece wird nun auch sorgf\u00e4ltig ausgesuchte Wolle aus Peru, Argentinien, Nepal und Italien zu wundersch\u00f6nen Garnen verarbeitet. Wir haben uns entschieden, Herriot Fine in unser Sortiment aufzunehmen.<\/p>\n<h5>Herriot Fine<\/h5>\n<p>Herriot Fine ist eine Mischung aus 75% Babyalpaka und 25% Nylon mit einer Laufl\u00e4nge von 422m\/100g. Das Babyalpaka macht das Garn wunderbar weich und flie\u00dfend, der Nylonanteil sorgt f\u00fcr eine gewisse Robustheit, wenn das Strickst\u00fcck starker Beanspruchung ausgesetzt ist (ein Hallo an alle Sockenstricker!). Egal ob man sich f\u00fcr ein Tuch oder doch lieber f\u00fcr ein neues Paar Socken entscheidet: mit einem Strang und der gro\u00dfz\u00fcgigen Laufl\u00e4nge von 422m ist man jeweils auf der sicheren Seite. Zur Zeit haben wir im <a href=\"https:\/\/www.linksgestrickt.de\/wolle\/juniper-moon-farm\/herriot-fine.html\">Shop<\/a> sechs Farben lagernd, die aber bald aufgestockt werden.<\/p>\n<p><img decoding=\"async\" loading=\"lazy\" class=\"aligncenter size-full wp-image-2005\" src=\"https:\/\/www.linksgestrickt.de\/blog\/wp-content\/uploads\/2018\/01\/HerriotFine_intro-Kopie.jpg\" alt=\"\" width=\"640\" height=\"312\" srcset=\"https:\/\/www.linksgestrickt.de\/blog\/wp-content\/uploads\/2018\/01\/HerriotFine_intro-Kopie.jpg 640w, https:\/\/www.linksgestrickt.de\/blog\/wp-content\/uploads\/2018\/01\/HerriotFine_intro-Kopie-300x146.jpg 300w\" sizes=\"(max-width: 640px) 100vw, 640px\" \/><\/p>\n<p>Falls diesen Winter noch einmal die gro\u00dfe K\u00e4lte kommt, dann st\u00fcnden diese F\u00e4ustlinge aus Herriot Fine der Ravellerin koukutettu ganz oben auf meiner to-do-Strickliste!<\/p>\n<p><img decoding=\"async\" loading=\"lazy\" class=\"aligncenter size-full wp-image-2012\" src=\"https:\/\/www.linksgestrickt.de\/blog\/wp-content\/uploads\/2018\/01\/koukutettu.jpg\" alt=\"\" width=\"420\" height=\"638\" srcset=\"https:\/\/www.linksgestrickt.de\/blog\/wp-content\/uploads\/2018\/01\/koukutettu.jpg 420w, https:\/\/www.linksgestrickt.de\/blog\/wp-content\/uploads\/2018\/01\/koukutettu-197x300.jpg 197w\" sizes=\"(max-width: 420px) 100vw, 420px\" \/><\/p>\n<p style=\"text-align: center;\"><a href=\"https:\/\/www.ravelry.com\/projects\/koukutettu\/mesiangervot\" target=\"_blank\" rel=\"noopener\">Mesiangervot von koukutettu via Ravelry (Design aus Taito 6\/2017)<\/a><\/p>\n<p>Dear Helen (aka HelenSpedding) and dear Jaana (aka koukutettu): thank you very much for your permission to show your stunning projects! \ud83d\ude42<\/p>\n","protected":false},"excerpt":{"rendered":"<p>Nuna, Sulka Legato und Herriot Fine bereichern nun unser Wollsortiment! Ich hoffe, Ihr habt sch\u00f6ne Feiertage gehabt und seid gut ins neue Jahr gestartet. Wir unsererseits starten gleich mit neuen Garn ins neue Jahr und ich freue mich, Euch wundersch\u00f6ne Wolle von Mirasol und Juniper Moon Farm vorzustellen. Mirasol Mirasol kommt aus Peru, wurde 2006&#8230;<\/p>\n","protected":false},"author":1,"featured_media":2024,"comment_status":"open","ping_status":"open","sticky":false,"template":"","format":"standard","meta":{"footnotes":""},"categories":[80,79,22],"tags":[82,81,59],"yoast_head":"<!-- This site is optimized with the Yoast SEO plugin v21.1 - https:\/\/yoast.com\/wordpress\/plugins\/seo\/ -->\n<title>Neu im Shop: Garne von Mirasol und Juniper Moon Farm -<\/title>\n<meta name=\"robots\" content=\"index, follow, max-snippet:-1, max-image-preview:large, max-video-preview:-1\" \/>\n<link rel=\"canonical\" href=\"https:\/\/www.linksgestrickt.de\/blog\/2018\/01\/12\/neu-im-shop-garne-von-mirasol-und-juniper-moon-farm\/\" \/>\n<meta property=\"og:locale\" content=\"en_US\" \/>\n<meta property=\"og:type\" content=\"article\" \/>\n<meta property=\"og:title\" content=\"Neu im Shop: Garne von Mirasol und Juniper Moon Farm -\" \/>\n<meta property=\"og:description\" content=\"Nuna, Sulka Legato und Herriot Fine bereichern nun unser Wollsortiment! Ich hoffe, Ihr habt sch\u00f6ne Feiertage gehabt und seid gut ins neue Jahr gestartet. Wir unsererseits starten gleich mit neuen Garn ins neue Jahr und ich freue mich, Euch wundersch\u00f6ne Wolle von Mirasol und Juniper Moon Farm vorzustellen. Mirasol Mirasol kommt aus Peru, wurde 2006...\" \/>\n<meta property=\"og:url\" content=\"https:\/\/www.linksgestrickt.de\/blog\/2018\/01\/12\/neu-im-shop-garne-von-mirasol-und-juniper-moon-farm\/\" \/>\n<meta property=\"article:published_time\" content=\"2018-01-12T08:55:12+00:00\" \/>\n<meta property=\"article:modified_time\" content=\"2018-09-12T10:24:26+00:00\" \/>\n<meta property=\"og:image\" content=\"https:\/\/www.linksgestrickt.de\/blog\/wp-content\/uploads\/2018\/01\/Mirasol_slider-Kopie.jpg\" \/>\n\t<meta property=\"og:image:width\" content=\"640\" \/>\n\t<meta property=\"og:image:height\" content=\"420\" \/>\n\t<meta property=\"og:image:type\" content=\"image\/jpeg\" \/>\n<meta name=\"author\" content=\"Patricia\" \/>\n<meta name=\"twitter:label1\" content=\"Written by\" \/>\n\t<meta name=\"twitter:data1\" content=\"Patricia\" \/>\n\t<meta name=\"twitter:label2\" content=\"Est. reading time\" \/>\n\t<meta name=\"twitter:data2\" content=\"3 minutes\" \/>\n<script type=\"application\/ld+json\" class=\"yoast-schema-graph\">{\"@context\":\"https:\/\/schema.org\",\"@graph\":[{\"@type\":\"WebPage\",\"@id\":\"https:\/\/www.linksgestrickt.de\/blog\/2018\/01\/12\/neu-im-shop-garne-von-mirasol-und-juniper-moon-farm\/\",\"url\":\"https:\/\/www.linksgestrickt.de\/blog\/2018\/01\/12\/neu-im-shop-garne-von-mirasol-und-juniper-moon-farm\/\",\"name\":\"Neu im Shop: Garne von Mirasol und Juniper Moon Farm -\",\"isPartOf\":{\"@id\":\"https:\/\/www.linksgestrickt.de\/blog\/#website\"},\"datePublished\":\"2018-01-12T08:55:12+00:00\",\"dateModified\":\"2018-09-12T10:24:26+00:00\",\"author\":{\"@id\":\"https:\/\/www.linksgestrickt.de\/blog\/#\/schema\/person\/956849e894b2cbf6c193771750b795b2\"},\"inLanguage\":\"en-US\",\"potentialAction\":[{\"@type\":\"ReadAction\",\"target\":[\"https:\/\/www.linksgestrickt.de\/blog\/2018\/01\/12\/neu-im-shop-garne-von-mirasol-und-juniper-moon-farm\/\"]}]},{\"@type\":\"WebSite\",\"@id\":\"https:\/\/www.linksgestrickt.de\/blog\/#website\",\"url\":\"https:\/\/www.linksgestrickt.de\/blog\/\",\"name\":\"\",\"description\":\"nie mehr den Faden verlieren\",\"potentialAction\":[{\"@type\":\"SearchAction\",\"target\":{\"@type\":\"EntryPoint\",\"urlTemplate\":\"https:\/\/www.linksgestrickt.de\/blog\/?s={search_term_string}\"},\"query-input\":\"required name=search_term_string\"}],\"inLanguage\":\"en-US\"},{\"@type\":\"Person\",\"@id\":\"https:\/\/www.linksgestrickt.de\/blog\/#\/schema\/person\/956849e894b2cbf6c193771750b795b2\",\"name\":\"Patricia\",\"image\":{\"@type\":\"ImageObject\",\"inLanguage\":\"en-US\",\"@id\":\"https:\/\/www.linksgestrickt.de\/blog\/#\/schema\/person\/image\/\",\"url\":\"https:\/\/secure.gravatar.com\/avatar\/afa3270040307cf0ac53166e712c5f65?s=96&d=mm&r=g\",\"contentUrl\":\"https:\/\/secure.gravatar.com\/avatar\/afa3270040307cf0ac53166e712c5f65?s=96&d=mm&r=g\",\"caption\":\"Patricia\"},\"url\":\"https:\/\/www.linksgestrickt.de\/blog\/author\/patfis\/\"}]}<\/script>\n<!-- \/ Yoast SEO plugin. -->","yoast_head_json":{"title":"Neu im Shop: Garne von Mirasol und Juniper Moon Farm -","robots":{"index":"index","follow":"follow","max-snippet":"max-snippet:-1","max-image-preview":"max-image-preview:large","max-video-preview":"max-video-preview:-1"},"canonical":"https:\/\/www.linksgestrickt.de\/blog\/2018\/01\/12\/neu-im-shop-garne-von-mirasol-und-juniper-moon-farm\/","og_locale":"en_US","og_type":"article","og_title":"Neu im Shop: Garne von Mirasol und Juniper Moon Farm -","og_description":"Nuna, Sulka Legato und Herriot Fine bereichern nun unser Wollsortiment! Ich hoffe, Ihr habt sch\u00f6ne Feiertage gehabt und seid gut ins neue Jahr gestartet. Wir unsererseits starten gleich mit neuen Garn ins neue Jahr und ich freue mich, Euch wundersch\u00f6ne Wolle von Mirasol und Juniper Moon Farm vorzustellen. Mirasol Mirasol kommt aus Peru, wurde 2006...","og_url":"https:\/\/www.linksgestrickt.de\/blog\/2018\/01\/12\/neu-im-shop-garne-von-mirasol-und-juniper-moon-farm\/","article_published_time":"2018-01-12T08:55:12+00:00","article_modified_time":"2018-09-12T10:24:26+00:00","og_image":[{"width":640,"height":420,"url":"https:\/\/www.linksgestrickt.de\/blog\/wp-content\/uploads\/2018\/01\/Mirasol_slider-Kopie.jpg","type":"image\/jpeg"}],"author":"Patricia","twitter_misc":{"Written by":"Patricia","Est. reading time":"3 minutes"},"schema":{"@context":"https:\/\/schema.org","@graph":[{"@type":"WebPage","@id":"https:\/\/www.linksgestrickt.de\/blog\/2018\/01\/12\/neu-im-shop-garne-von-mirasol-und-juniper-moon-farm\/","url":"https:\/\/www.linksgestrickt.de\/blog\/2018\/01\/12\/neu-im-shop-garne-von-mirasol-und-juniper-moon-farm\/","name":"Neu im Shop: Garne von Mirasol und Juniper Moon Farm -","isPartOf":{"@id":"https:\/\/www.linksgestrickt.de\/blog\/#website"},"datePublished":"2018-01-12T08:55:12+00:00","dateModified":"2018-09-12T10:24:26+00:00","author":{"@id":"https:\/\/www.linksgestrickt.de\/blog\/#\/schema\/person\/956849e894b2cbf6c193771750b795b2"},"inLanguage":"en-US","potentialAction":[{"@type":"ReadAction","target":["https:\/\/www.linksgestrickt.de\/blog\/2018\/01\/12\/neu-im-shop-garne-von-mirasol-und-juniper-moon-farm\/"]}]},{"@type":"WebSite","@id":"https:\/\/www.linksgestrickt.de\/blog\/#website","url":"https:\/\/www.linksgestrickt.de\/blog\/","name":"","description":"nie mehr den Faden verlieren","potentialAction":[{"@type":"SearchAction","target":{"@type":"EntryPoint","urlTemplate":"https:\/\/www.linksgestrickt.de\/blog\/?s={search_term_string}"},"query-input":"required name=search_term_string"}],"inLanguage":"en-US"},{"@type":"Person","@id":"https:\/\/www.linksgestrickt.de\/blog\/#\/schema\/person\/956849e894b2cbf6c193771750b795b2","name":"Patricia","image":{"@type":"ImageObject","inLanguage":"en-US","@id":"https:\/\/www.linksgestrickt.de\/blog\/#\/schema\/person\/image\/","url":"https:\/\/secure.gravatar.com\/avatar\/afa3270040307cf0ac53166e712c5f65?s=96&d=mm&r=g","contentUrl":"https:\/\/secure.gravatar.com\/avatar\/afa3270040307cf0ac53166e712c5f65?s=96&d=mm&r=g","caption":"Patricia"},"url":"https:\/\/www.linksgestrickt.de\/blog\/author\/patfis\/"}]}},"_links":{"self":[{"href":"https:\/\/www.linksgestrickt.de\/blog\/wp-json\/wp\/v2\/posts\/1995"}],"collection":[{"href":"https:\/\/www.linksgestrickt.de\/blog\/wp-json\/wp\/v2\/posts"}],"about":[{"href":"https:\/\/www.linksgestrickt.de\/blog\/wp-json\/wp\/v2\/types\/post"}],"author":[{"embeddable":true,"href":"https:\/\/www.linksgestrickt.de\/blog\/wp-json\/wp\/v2\/users\/1"}],"replies":[{"embeddable":true,"href":"https:\/\/www.linksgestrickt.de\/blog\/wp-json\/wp\/v2\/comments?post=1995"}],"version-history":[{"count":19,"href":"https:\/\/www.linksgestrickt.de\/blog\/wp-json\/wp\/v2\/posts\/1995\/revisions"}],"predecessor-version":[{"id":2030,"href":"https:\/\/www.linksgestrickt.de\/blog\/wp-json\/wp\/v2\/posts\/1995\/revisions\/2030"}],"wp:featuredmedia":[{"embeddable":true,"href":"https:\/\/www.linksgestrickt.de\/blog\/wp-json\/wp\/v2\/media\/2024"}],"wp:attachment":[{"href":"https:\/\/www.linksgestrickt.de\/blog\/wp-json\/wp\/v2\/media?parent=1995"}],"wp:term":[{"taxonomy":"category","embeddable":true,"href":"https:\/\/www.linksgestrickt.de\/blog\/wp-json\/wp\/v2\/categories?post=1995"},{"taxonomy":"post_tag","embeddable":true,"href":"https:\/\/www.linksgestrickt.de\/blog\/wp-json\/wp\/v2\/tags?post=1995"}],"curies":[{"name":"wp","href":"https:\/\/api.w.org\/{rel}","templated":true}]}}