{"id":2129,"date":"2018-06-12T11:24:09","date_gmt":"2018-06-12T09:24:09","guid":{"rendered":"https:\/\/www.linksgestrickt.de\/blog\/?p=2129"},"modified":"2020-05-26T23:09:31","modified_gmt":"2020-05-26T21:09:31","slug":"auf-den-nadeln-broderie-anglaise-von-pat-menchini","status":"publish","type":"post","link":"https:\/\/www.linksgestrickt.de\/blog\/2018\/06\/12\/auf-den-nadeln-broderie-anglaise-von-pat-menchini\/","title":{"rendered":"Auf den Nadeln: Broderie Anglaise von Pat Menchini"},"content":{"rendered":"<p>In meinem letzten Blogpost berichtete ich \u00fcber mein Faible f\u00fcr alte Strickmuster, heute m\u00f6chte ich Euch mein derzeitiges Projekt vorstellen, dass zwar nicht hundertprozentig <em>vintage knitting<\/em> ist, jedoch ganz stark daran abgelehnt ist.<\/p>\n<p>Vor ein paar Woc<em>hen war ich auf der Suche nach einem sch\u00f6nen Muster f\u00fcr ein sommerliches Oberteil und fand dieses tolle Strickmuster auf Ravelry:<\/em><br \/>\nBroderie Anglaise von Pat Menchini<\/p>\n<p><img decoding=\"async\" loading=\"lazy\" class=\"aligncenter wp-image-2144 size-full\" src=\"https:\/\/www.linksgestrickt.de\/blog\/wp-content\/uploads\/2018\/05\/IMG_0655_medium2.jpg\" alt=\"\" width=\"477\" height=\"640\" srcset=\"https:\/\/www.linksgestrickt.de\/blog\/wp-content\/uploads\/2018\/05\/IMG_0655_medium2.jpg 477w, https:\/\/www.linksgestrickt.de\/blog\/wp-content\/uploads\/2018\/05\/IMG_0655_medium2-224x300.jpg 224w\" sizes=\"(max-width: 477px) 100vw, 477px\" \/><\/p>\n<p style=\"text-align: center;\"><em><a href=\"https:\/\/www.ravelry.com\/patterns\/library\/broderie-anglaise-2\" target=\"_blank\" rel=\"noopener\">Broderie Anglaise von Pat Menchini<\/a><\/em><\/p>\n<p>Das Original wurde in Sublime Baby Cashmere Merino Silk DK\u00a0 in einem hellen Gelbton gestrickt und besitzt eine Maschenprobe von 22 Maschen\/10cm und 28 Reihen\/10cm. F\u00fcr meine Verh\u00e4ltnisse schon recht dickes Gestrick f\u00fcr ein leichtes Oberteil, daher wollte ich unbedingt zu d\u00fcnnerer Wolle greifen und entschied mich f\u00fcr die Holst Noble in der Farbe Blue Stone. Die Maschenprobe, die ich mit eine 2,5mm Nadel strickte, ergab 30 Maschen\/10cm und 48 Reihen\/10cm. Also hie\u00df es wieder mal zum Taschenrechner greifen und umrechnen&#8230;<\/p>\n<p>Das Oberteil wird von unten nach oben und in f\u00fcnf Teilen gestrickt (Vorder- und R\u00fcckenteil, \u00c4rmel und Kragen. Bei den Kn\u00f6pfen handelt es sich um eine Blende). Es wird vorne wie hinten durch das breite Lacemuster bestimmt, dass sich in der Mitte spiegelt. Hier musste ich zus\u00e4tzliche Maschen zwischen den einzelnen Lace-Sektionen einf\u00fcgen, um das Muster breiter zu machen , so dass es das gesamte Vorder- und R\u00fcckenteil bedeckt. Ich habe lediglich ein paar Abnahmen im Bereich des Rippenmusters eingearbeitet, ab der Taille stricke ich gerade nach oben mit einer halben Brustweite von 50cm. Ich habe mich f\u00fcr ein paar Zentimeter <em>negative ease<\/em> entschieden, da das Strickst\u00fcck durch die breite Lacepartien sehr nachgiebig ist.<\/p>\n<p><img decoding=\"async\" loading=\"lazy\" class=\"aligncenter size-full wp-image-2150\" src=\"https:\/\/www.linksgestrickt.de\/blog\/wp-content\/uploads\/2018\/06\/IMG_20180606_105855.png\" alt=\"\" width=\"420\" height=\"838\" srcset=\"https:\/\/www.linksgestrickt.de\/blog\/wp-content\/uploads\/2018\/06\/IMG_20180606_105855.png 420w, https:\/\/www.linksgestrickt.de\/blog\/wp-content\/uploads\/2018\/06\/IMG_20180606_105855-150x300.png 150w\" sizes=\"(max-width: 420px) 100vw, 420px\" \/><\/p>\n<p>&nbsp;<\/p>\n<p>Ich war mir am Anfang nicht sicher, ob ich ein so breites Rippenmuster haben m\u00f6chte, dass erst an der Taille endet. Im nachhinein habe ich es genau so gemacht, denn ich denke, dass macht das ganze Strickst\u00fcck irgendwie j\u00fcnger&#8230;<br \/>\nNat\u00fcrlich kam ich durch mein sehr viel feineres Maschenbild zu anderen Zahlen bei den Abnahmen f\u00fcr den Arm- und Halsausschnitt.<\/p>\n<p>Wie dem auch sei, ich bin sehr eisern am Stricken,denn Ihr kennt es vielleicht auch: wenn man mitten in einem Projekt steckt, winken links und rechts so viele Strickabwechslungen, denen man nicht nachgeben darf&#8230;<\/p>\n<p><img decoding=\"async\" loading=\"lazy\" class=\"aligncenter size-full wp-image-2151\" src=\"https:\/\/www.linksgestrickt.de\/blog\/wp-content\/uploads\/2018\/06\/IMG_20180606_105849.png\" alt=\"\" width=\"409\" height=\"600\" \/><\/p>\n<p>So, Vorder- und R\u00fcckenteil sind aneinandergen\u00e4ht, wurden gewaschen und gespannt. Leider scheint es aber, dass ich mich beim Berechnen der \u00c4rmel arg geirrt habe, denn sie sind im Bereich der Armkugel viel zu eng. Also wieder alles aufgetrennt (zum Gl\u00fcck habe ich nur einen gestrickt) und einfach \u00c4rmel mit verk\u00fcrzten Reihen angestrickt. Passt, sitzt und hat Luft :-). Nun muss nur noch der zweite \u00c4rmel fertiggestellt und die Kn\u00f6pfe angen\u00e4ht werden!<\/p>\n<p><img decoding=\"async\" loading=\"lazy\" class=\"aligncenter size-full wp-image-2149\" src=\"https:\/\/www.linksgestrickt.de\/blog\/wp-content\/uploads\/2018\/06\/IMG_20180611_130142.png\" alt=\"\" width=\"420\" height=\"698\" srcset=\"https:\/\/www.linksgestrickt.de\/blog\/wp-content\/uploads\/2018\/06\/IMG_20180611_130142.png 420w, https:\/\/www.linksgestrickt.de\/blog\/wp-content\/uploads\/2018\/06\/IMG_20180611_130142-181x300.png 181w\" sizes=\"(max-width: 420px) 100vw, 420px\" \/><\/p>\n<p>&nbsp;<\/p>\n","protected":false},"excerpt":{"rendered":"<p>In meinem letzten Blogpost berichtete ich \u00fcber mein Faible f\u00fcr alte Strickmuster, heute m\u00f6chte ich Euch mein derzeitiges Projekt vorstellen, dass zwar nicht hundertprozentig vintage knitting ist, jedoch ganz stark daran abgelehnt ist. Vor ein paar Wochen war ich auf der Suche nach einem sch\u00f6nen Muster f\u00fcr ein sommerliches Oberteil und fand dieses tolle Strickmuster&#8230;<\/p>\n","protected":false},"author":1,"featured_media":2154,"comment_status":"open","ping_status":"open","sticky":false,"template":"","format":"standard","meta":{"footnotes":""},"categories":[16,30,19,15,86],"tags":[34,88,87],"yoast_head":"<!-- This site is optimized with the Yoast SEO plugin v21.1 - https:\/\/yoast.com\/wordpress\/plugins\/seo\/ -->\n<title>Auf den Nadeln: Broderie Anglaise von Pat Menchini -<\/title>\n<meta name=\"robots\" content=\"index, follow, max-snippet:-1, max-image-preview:large, max-video-preview:-1\" \/>\n<link rel=\"canonical\" href=\"https:\/\/www.linksgestrickt.de\/blog\/2018\/06\/12\/auf-den-nadeln-broderie-anglaise-von-pat-menchini\/\" \/>\n<meta property=\"og:locale\" content=\"en_US\" \/>\n<meta property=\"og:type\" content=\"article\" \/>\n<meta property=\"og:title\" content=\"Auf den Nadeln: Broderie Anglaise von Pat Menchini -\" \/>\n<meta property=\"og:description\" content=\"In meinem letzten Blogpost berichtete ich \u00fcber mein Faible f\u00fcr alte Strickmuster, heute m\u00f6chte ich Euch mein derzeitiges Projekt vorstellen, dass zwar nicht hundertprozentig vintage knitting ist, jedoch ganz stark daran abgelehnt ist. Vor ein paar Wochen war ich auf der Suche nach einem sch\u00f6nen Muster f\u00fcr ein sommerliches Oberteil und fand dieses tolle Strickmuster...\" \/>\n<meta property=\"og:url\" content=\"https:\/\/www.linksgestrickt.de\/blog\/2018\/06\/12\/auf-den-nadeln-broderie-anglaise-von-pat-menchini\/\" \/>\n<meta property=\"article:published_time\" content=\"2018-06-12T09:24:09+00:00\" \/>\n<meta property=\"article:modified_time\" content=\"2020-05-26T21:09:31+00:00\" \/>\n<meta property=\"og:image\" content=\"https:\/\/www.linksgestrickt.de\/blog\/wp-content\/uploads\/2018\/06\/IMG_20180606_105855.jpg\" \/>\n\t<meta property=\"og:image:width\" content=\"602\" \/>\n\t<meta property=\"og:image:height\" content=\"420\" \/>\n\t<meta property=\"og:image:type\" content=\"image\/jpeg\" \/>\n<meta name=\"author\" content=\"Patricia\" \/>\n<meta name=\"twitter:label1\" content=\"Written by\" \/>\n\t<meta name=\"twitter:data1\" content=\"Patricia\" \/>\n\t<meta name=\"twitter:label2\" content=\"Est. reading time\" \/>\n\t<meta name=\"twitter:data2\" content=\"2 minutes\" \/>\n<script type=\"application\/ld+json\" class=\"yoast-schema-graph\">{\"@context\":\"https:\/\/schema.org\",\"@graph\":[{\"@type\":\"WebPage\",\"@id\":\"https:\/\/www.linksgestrickt.de\/blog\/2018\/06\/12\/auf-den-nadeln-broderie-anglaise-von-pat-menchini\/\",\"url\":\"https:\/\/www.linksgestrickt.de\/blog\/2018\/06\/12\/auf-den-nadeln-broderie-anglaise-von-pat-menchini\/\",\"name\":\"Auf den Nadeln: Broderie Anglaise von Pat Menchini -\",\"isPartOf\":{\"@id\":\"https:\/\/www.linksgestrickt.de\/blog\/#website\"},\"datePublished\":\"2018-06-12T09:24:09+00:00\",\"dateModified\":\"2020-05-26T21:09:31+00:00\",\"author\":{\"@id\":\"https:\/\/www.linksgestrickt.de\/blog\/#\/schema\/person\/956849e894b2cbf6c193771750b795b2\"},\"inLanguage\":\"en-US\",\"potentialAction\":[{\"@type\":\"ReadAction\",\"target\":[\"https:\/\/www.linksgestrickt.de\/blog\/2018\/06\/12\/auf-den-nadeln-broderie-anglaise-von-pat-menchini\/\"]}]},{\"@type\":\"WebSite\",\"@id\":\"https:\/\/www.linksgestrickt.de\/blog\/#website\",\"url\":\"https:\/\/www.linksgestrickt.de\/blog\/\",\"name\":\"\",\"description\":\"nie mehr den Faden verlieren\",\"potentialAction\":[{\"@type\":\"SearchAction\",\"target\":{\"@type\":\"EntryPoint\",\"urlTemplate\":\"https:\/\/www.linksgestrickt.de\/blog\/?s={search_term_string}\"},\"query-input\":\"required name=search_term_string\"}],\"inLanguage\":\"en-US\"},{\"@type\":\"Person\",\"@id\":\"https:\/\/www.linksgestrickt.de\/blog\/#\/schema\/person\/956849e894b2cbf6c193771750b795b2\",\"name\":\"Patricia\",\"image\":{\"@type\":\"ImageObject\",\"inLanguage\":\"en-US\",\"@id\":\"https:\/\/www.linksgestrickt.de\/blog\/#\/schema\/person\/image\/\",\"url\":\"https:\/\/secure.gravatar.com\/avatar\/afa3270040307cf0ac53166e712c5f65?s=96&d=mm&r=g\",\"contentUrl\":\"https:\/\/secure.gravatar.com\/avatar\/afa3270040307cf0ac53166e712c5f65?s=96&d=mm&r=g\",\"caption\":\"Patricia\"},\"url\":\"https:\/\/www.linksgestrickt.de\/blog\/author\/patfis\/\"}]}<\/script>\n<!-- \/ Yoast SEO plugin. -->","yoast_head_json":{"title":"Auf den Nadeln: Broderie Anglaise von Pat Menchini -","robots":{"index":"index","follow":"follow","max-snippet":"max-snippet:-1","max-image-preview":"max-image-preview:large","max-video-preview":"max-video-preview:-1"},"canonical":"https:\/\/www.linksgestrickt.de\/blog\/2018\/06\/12\/auf-den-nadeln-broderie-anglaise-von-pat-menchini\/","og_locale":"en_US","og_type":"article","og_title":"Auf den Nadeln: Broderie Anglaise von Pat Menchini -","og_description":"In meinem letzten Blogpost berichtete ich \u00fcber mein Faible f\u00fcr alte Strickmuster, heute m\u00f6chte ich Euch mein derzeitiges Projekt vorstellen, dass zwar nicht hundertprozentig vintage knitting ist, jedoch ganz stark daran abgelehnt ist. Vor ein paar Wochen war ich auf der Suche nach einem sch\u00f6nen Muster f\u00fcr ein sommerliches Oberteil und fand dieses tolle Strickmuster...","og_url":"https:\/\/www.linksgestrickt.de\/blog\/2018\/06\/12\/auf-den-nadeln-broderie-anglaise-von-pat-menchini\/","article_published_time":"2018-06-12T09:24:09+00:00","article_modified_time":"2020-05-26T21:09:31+00:00","og_image":[{"width":602,"height":420,"url":"https:\/\/www.linksgestrickt.de\/blog\/wp-content\/uploads\/2018\/06\/IMG_20180606_105855.jpg","type":"image\/jpeg"}],"author":"Patricia","twitter_misc":{"Written by":"Patricia","Est. reading time":"2 minutes"},"schema":{"@context":"https:\/\/schema.org","@graph":[{"@type":"WebPage","@id":"https:\/\/www.linksgestrickt.de\/blog\/2018\/06\/12\/auf-den-nadeln-broderie-anglaise-von-pat-menchini\/","url":"https:\/\/www.linksgestrickt.de\/blog\/2018\/06\/12\/auf-den-nadeln-broderie-anglaise-von-pat-menchini\/","name":"Auf den Nadeln: Broderie Anglaise von Pat Menchini -","isPartOf":{"@id":"https:\/\/www.linksgestrickt.de\/blog\/#website"},"datePublished":"2018-06-12T09:24:09+00:00","dateModified":"2020-05-26T21:09:31+00:00","author":{"@id":"https:\/\/www.linksgestrickt.de\/blog\/#\/schema\/person\/956849e894b2cbf6c193771750b795b2"},"inLanguage":"en-US","potentialAction":[{"@type":"ReadAction","target":["https:\/\/www.linksgestrickt.de\/blog\/2018\/06\/12\/auf-den-nadeln-broderie-anglaise-von-pat-menchini\/"]}]},{"@type":"WebSite","@id":"https:\/\/www.linksgestrickt.de\/blog\/#website","url":"https:\/\/www.linksgestrickt.de\/blog\/","name":"","description":"nie mehr den Faden verlieren","potentialAction":[{"@type":"SearchAction","target":{"@type":"EntryPoint","urlTemplate":"https:\/\/www.linksgestrickt.de\/blog\/?s={search_term_string}"},"query-input":"required name=search_term_string"}],"inLanguage":"en-US"},{"@type":"Person","@id":"https:\/\/www.linksgestrickt.de\/blog\/#\/schema\/person\/956849e894b2cbf6c193771750b795b2","name":"Patricia","image":{"@type":"ImageObject","inLanguage":"en-US","@id":"https:\/\/www.linksgestrickt.de\/blog\/#\/schema\/person\/image\/","url":"https:\/\/secure.gravatar.com\/avatar\/afa3270040307cf0ac53166e712c5f65?s=96&d=mm&r=g","contentUrl":"https:\/\/secure.gravatar.com\/avatar\/afa3270040307cf0ac53166e712c5f65?s=96&d=mm&r=g","caption":"Patricia"},"url":"https:\/\/www.linksgestrickt.de\/blog\/author\/patfis\/"}]}},"_links":{"self":[{"href":"https:\/\/www.linksgestrickt.de\/blog\/wp-json\/wp\/v2\/posts\/2129"}],"collection":[{"href":"https:\/\/www.linksgestrickt.de\/blog\/wp-json\/wp\/v2\/posts"}],"about":[{"href":"https:\/\/www.linksgestrickt.de\/blog\/wp-json\/wp\/v2\/types\/post"}],"author":[{"embeddable":true,"href":"https:\/\/www.linksgestrickt.de\/blog\/wp-json\/wp\/v2\/users\/1"}],"replies":[{"embeddable":true,"href":"https:\/\/www.linksgestrickt.de\/blog\/wp-json\/wp\/v2\/comments?post=2129"}],"version-history":[{"count":5,"href":"https:\/\/www.linksgestrickt.de\/blog\/wp-json\/wp\/v2\/posts\/2129\/revisions"}],"predecessor-version":[{"id":2153,"href":"https:\/\/www.linksgestrickt.de\/blog\/wp-json\/wp\/v2\/posts\/2129\/revisions\/2153"}],"wp:featuredmedia":[{"embeddable":true,"href":"https:\/\/www.linksgestrickt.de\/blog\/wp-json\/wp\/v2\/media\/2154"}],"wp:attachment":[{"href":"https:\/\/www.linksgestrickt.de\/blog\/wp-json\/wp\/v2\/media?parent=2129"}],"wp:term":[{"taxonomy":"category","embeddable":true,"href":"https:\/\/www.linksgestrickt.de\/blog\/wp-json\/wp\/v2\/categories?post=2129"},{"taxonomy":"post_tag","embeddable":true,"href":"https:\/\/www.linksgestrickt.de\/blog\/wp-json\/wp\/v2\/tags?post=2129"}],"curies":[{"name":"wp","href":"https:\/\/api.w.org\/{rel}","templated":true}]}}