{"id":2156,"date":"2018-07-31T13:19:23","date_gmt":"2018-07-31T11:19:23","guid":{"rendered":"https:\/\/www.linksgestrickt.de\/blog\/?p=2156"},"modified":"2020-05-26T23:09:12","modified_gmt":"2020-05-26T21:09:12","slug":"auf-den-nadeln-emma-yoke-von-knitforpassion-teststrick","status":"publish","type":"post","link":"https:\/\/www.linksgestrickt.de\/blog\/2018\/07\/31\/auf-den-nadeln-emma-yoke-von-knitforpassion-teststrick\/","title":{"rendered":"Auf den Nadeln: Emma Yoke von knitforpassion (Teststrick)"},"content":{"rendered":"<p>Gef\u00fchlt ist es seit Mitte April br\u00fctend hei\u00df und eigentlich w\u00fcrd ich mich am liebsten ganzt\u00e4gig in einen k\u00fchlen Pool liegen. Alternativ habe ich gedacht, k\u00f6nnte ich auch in den Wollkeller ziehen, dort herrschen angenehme 20 Grad \ud83d\ude09 Trotz der hohen Temperaturen ist mein Strick-Elan nicht zu bremsen und ich arbeite derzeit an einen Teststrick f\u00fcr Astrid (aka <em>knitforpassion<\/em> auf Ravelry, Instagram und Co.)<\/p>\n<p><img decoding=\"async\" loading=\"lazy\" class=\"size-full wp-image-2157\" src=\"https:\/\/www.linksgestrickt.de\/blog\/wp-content\/uploads\/2018\/07\/IMG_20180701_113519.jpg\" alt=\"\" width=\"622\" height=\"430\" srcset=\"https:\/\/www.linksgestrickt.de\/blog\/wp-content\/uploads\/2018\/07\/IMG_20180701_113519.jpg 622w, https:\/\/www.linksgestrickt.de\/blog\/wp-content\/uploads\/2018\/07\/IMG_20180701_113519-300x207.jpg 300w\" sizes=\"(max-width: 622px) 100vw, 622px\" \/><\/p>\n<p>Astrid hat sich mit Emma Boyles, der Inhaberin von <em>The Little Grey Sheep<\/em> zusammengetan und mit ihrem Garn diesen wundersch\u00f6nen Pullover gestrickt, der Mitte August auf Ravelry live gehen wird. Ich folge Astrid schon seit l\u00e4ngerem auf Instagram und als ich eben jenen Pullover in meinem Feed sah, wusste ich, dass das einer meiner n\u00e4chsten Projekte werden muss.<\/p>\n<p><img decoding=\"async\" loading=\"lazy\" class=\"size-full wp-image-2159\" src=\"https:\/\/www.linksgestrickt.de\/blog\/wp-content\/uploads\/2018\/07\/emmayoke4.jpg\" alt=\"\" width=\"622\" height=\"421\" srcset=\"https:\/\/www.linksgestrickt.de\/blog\/wp-content\/uploads\/2018\/07\/emmayoke4.jpg 622w, https:\/\/www.linksgestrickt.de\/blog\/wp-content\/uploads\/2018\/07\/emmayoke4-300x203.jpg 300w\" sizes=\"(max-width: 622px) 100vw, 622px\" \/><\/p>\n<p>Das Original wurde aus Hampshire 4ply von <em>The Little Grey Sheep<\/em> gestrickt (60g\/220m), ich habe mich f\u00fcr Finull Garn (50g\/175m) von Rauma entschieden, das Ihr auch in unserem Shop\u00a0 finden k\u00f6nnt. F\u00fcr die Passe werden insgesamt vier Farben ben\u00f6tigt. Ich entschied mich f\u00fcr ein dunkles Gr\u00fcn(Farbe 4025) als Hauptfarbe sowie leuchtend dunkles Blaugr\u00fcn (Farbe 484), Rotorange (Farbe 434) und Rosa (Farbe 4087) als Kontrastfarben. Es hat wahnsinnigen Spass gemacht diese Passe zu stricken, nun wandere ich bei 35 Grad durch die Ebenen des gerade Rechtsstrickens&#8230;<\/p>\n<p>Was mir jetzt schon\u00a0 &#8211; abgesehen von der tollen Passe &#8211;\u00a0 an dem Pullover gef\u00e4llt, ist die Passform, die durch den geschickten Einsatz von verk\u00fcrzten Reihen erreicht wird.<\/p>\n<p>Ich hoffe, Euch bald mehr zu zeigen. \u00c4rmel sind nat\u00fcrlich bereits abgeteilt und ich stricke dem B\u00fcndchen entgegen \ud83d\ude42<\/p>\n<p><img decoding=\"async\" loading=\"lazy\" class=\"size-full wp-image-2158\" src=\"https:\/\/www.linksgestrickt.de\/blog\/wp-content\/uploads\/2018\/07\/emmyoke3.jpg\" alt=\"\" width=\"441\" height=\"622\" srcset=\"https:\/\/www.linksgestrickt.de\/blog\/wp-content\/uploads\/2018\/07\/emmyoke3.jpg 441w, https:\/\/www.linksgestrickt.de\/blog\/wp-content\/uploads\/2018\/07\/emmyoke3-213x300.jpg 213w\" sizes=\"(max-width: 441px) 100vw, 441px\" \/><\/p>\n<p>&nbsp;<\/p>\n","protected":false},"excerpt":{"rendered":"<p>Gef\u00fchlt ist es seit Mitte April br\u00fctend hei\u00df und eigentlich w\u00fcrd ich mich am liebsten ganzt\u00e4gig in einen k\u00fchlen Pool liegen. Alternativ habe ich gedacht, k\u00f6nnte ich auch in den Wollkeller ziehen, dort herrschen angenehme 20 Grad \ud83d\ude09 Trotz der hohen Temperaturen ist mein Strick-Elan nicht zu bremsen und ich arbeite derzeit an einen Teststrick&#8230;<\/p>\n","protected":false},"author":1,"featured_media":2157,"comment_status":"open","ping_status":"open","sticky":false,"template":"","format":"standard","meta":{"footnotes":""},"categories":[61,30,12,89,18,69,19,15,83],"tags":[90,46,48,91,47,10],"yoast_head":"<!-- This site is optimized with the Yoast SEO plugin v21.1 - https:\/\/yoast.com\/wordpress\/plugins\/seo\/ -->\n<title>Auf den Nadeln: Emma Yoke von knitforpassion (Teststrick) -<\/title>\n<meta name=\"robots\" content=\"index, follow, max-snippet:-1, max-image-preview:large, max-video-preview:-1\" \/>\n<link rel=\"canonical\" href=\"https:\/\/www.linksgestrickt.de\/blog\/2018\/07\/31\/auf-den-nadeln-emma-yoke-von-knitforpassion-teststrick\/\" \/>\n<meta property=\"og:locale\" content=\"en_US\" \/>\n<meta property=\"og:type\" content=\"article\" \/>\n<meta property=\"og:title\" content=\"Auf den Nadeln: Emma Yoke von knitforpassion (Teststrick) -\" \/>\n<meta property=\"og:description\" content=\"Gef\u00fchlt ist es seit Mitte April br\u00fctend hei\u00df und eigentlich w\u00fcrd ich mich am liebsten ganzt\u00e4gig in einen k\u00fchlen Pool liegen. Alternativ habe ich gedacht, k\u00f6nnte ich auch in den Wollkeller ziehen, dort herrschen angenehme 20 Grad \ud83d\ude09 Trotz der hohen Temperaturen ist mein Strick-Elan nicht zu bremsen und ich arbeite derzeit an einen Teststrick...\" \/>\n<meta property=\"og:url\" content=\"https:\/\/www.linksgestrickt.de\/blog\/2018\/07\/31\/auf-den-nadeln-emma-yoke-von-knitforpassion-teststrick\/\" \/>\n<meta property=\"article:published_time\" content=\"2018-07-31T11:19:23+00:00\" \/>\n<meta property=\"article:modified_time\" content=\"2020-05-26T21:09:12+00:00\" \/>\n<meta property=\"og:image\" content=\"https:\/\/www.linksgestrickt.de\/blog\/wp-content\/uploads\/2018\/07\/IMG_20180701_113519.jpg\" \/>\n\t<meta property=\"og:image:width\" content=\"622\" \/>\n\t<meta property=\"og:image:height\" content=\"430\" \/>\n\t<meta property=\"og:image:type\" content=\"image\/jpeg\" \/>\n<meta name=\"author\" content=\"Patricia\" \/>\n<meta name=\"twitter:label1\" content=\"Written by\" \/>\n\t<meta name=\"twitter:data1\" content=\"Patricia\" \/>\n\t<meta name=\"twitter:label2\" content=\"Est. reading time\" \/>\n\t<meta name=\"twitter:data2\" content=\"1 minute\" \/>\n<script type=\"application\/ld+json\" class=\"yoast-schema-graph\">{\"@context\":\"https:\/\/schema.org\",\"@graph\":[{\"@type\":\"WebPage\",\"@id\":\"https:\/\/www.linksgestrickt.de\/blog\/2018\/07\/31\/auf-den-nadeln-emma-yoke-von-knitforpassion-teststrick\/\",\"url\":\"https:\/\/www.linksgestrickt.de\/blog\/2018\/07\/31\/auf-den-nadeln-emma-yoke-von-knitforpassion-teststrick\/\",\"name\":\"Auf den Nadeln: Emma Yoke von knitforpassion (Teststrick) -\",\"isPartOf\":{\"@id\":\"https:\/\/www.linksgestrickt.de\/blog\/#website\"},\"datePublished\":\"2018-07-31T11:19:23+00:00\",\"dateModified\":\"2020-05-26T21:09:12+00:00\",\"author\":{\"@id\":\"https:\/\/www.linksgestrickt.de\/blog\/#\/schema\/person\/956849e894b2cbf6c193771750b795b2\"},\"inLanguage\":\"en-US\",\"potentialAction\":[{\"@type\":\"ReadAction\",\"target\":[\"https:\/\/www.linksgestrickt.de\/blog\/2018\/07\/31\/auf-den-nadeln-emma-yoke-von-knitforpassion-teststrick\/\"]}]},{\"@type\":\"WebSite\",\"@id\":\"https:\/\/www.linksgestrickt.de\/blog\/#website\",\"url\":\"https:\/\/www.linksgestrickt.de\/blog\/\",\"name\":\"\",\"description\":\"nie mehr den Faden verlieren\",\"potentialAction\":[{\"@type\":\"SearchAction\",\"target\":{\"@type\":\"EntryPoint\",\"urlTemplate\":\"https:\/\/www.linksgestrickt.de\/blog\/?s={search_term_string}\"},\"query-input\":\"required name=search_term_string\"}],\"inLanguage\":\"en-US\"},{\"@type\":\"Person\",\"@id\":\"https:\/\/www.linksgestrickt.de\/blog\/#\/schema\/person\/956849e894b2cbf6c193771750b795b2\",\"name\":\"Patricia\",\"image\":{\"@type\":\"ImageObject\",\"inLanguage\":\"en-US\",\"@id\":\"https:\/\/www.linksgestrickt.de\/blog\/#\/schema\/person\/image\/\",\"url\":\"https:\/\/secure.gravatar.com\/avatar\/afa3270040307cf0ac53166e712c5f65?s=96&d=mm&r=g\",\"contentUrl\":\"https:\/\/secure.gravatar.com\/avatar\/afa3270040307cf0ac53166e712c5f65?s=96&d=mm&r=g\",\"caption\":\"Patricia\"},\"url\":\"https:\/\/www.linksgestrickt.de\/blog\/author\/patfis\/\"}]}<\/script>\n<!-- \/ Yoast SEO plugin. -->","yoast_head_json":{"title":"Auf den Nadeln: Emma Yoke von knitforpassion (Teststrick) -","robots":{"index":"index","follow":"follow","max-snippet":"max-snippet:-1","max-image-preview":"max-image-preview:large","max-video-preview":"max-video-preview:-1"},"canonical":"https:\/\/www.linksgestrickt.de\/blog\/2018\/07\/31\/auf-den-nadeln-emma-yoke-von-knitforpassion-teststrick\/","og_locale":"en_US","og_type":"article","og_title":"Auf den Nadeln: Emma Yoke von knitforpassion (Teststrick) -","og_description":"Gef\u00fchlt ist es seit Mitte April br\u00fctend hei\u00df und eigentlich w\u00fcrd ich mich am liebsten ganzt\u00e4gig in einen k\u00fchlen Pool liegen. Alternativ habe ich gedacht, k\u00f6nnte ich auch in den Wollkeller ziehen, dort herrschen angenehme 20 Grad \ud83d\ude09 Trotz der hohen Temperaturen ist mein Strick-Elan nicht zu bremsen und ich arbeite derzeit an einen Teststrick...","og_url":"https:\/\/www.linksgestrickt.de\/blog\/2018\/07\/31\/auf-den-nadeln-emma-yoke-von-knitforpassion-teststrick\/","article_published_time":"2018-07-31T11:19:23+00:00","article_modified_time":"2020-05-26T21:09:12+00:00","og_image":[{"width":622,"height":430,"url":"https:\/\/www.linksgestrickt.de\/blog\/wp-content\/uploads\/2018\/07\/IMG_20180701_113519.jpg","type":"image\/jpeg"}],"author":"Patricia","twitter_misc":{"Written by":"Patricia","Est. reading time":"1 minute"},"schema":{"@context":"https:\/\/schema.org","@graph":[{"@type":"WebPage","@id":"https:\/\/www.linksgestrickt.de\/blog\/2018\/07\/31\/auf-den-nadeln-emma-yoke-von-knitforpassion-teststrick\/","url":"https:\/\/www.linksgestrickt.de\/blog\/2018\/07\/31\/auf-den-nadeln-emma-yoke-von-knitforpassion-teststrick\/","name":"Auf den Nadeln: Emma Yoke von knitforpassion (Teststrick) -","isPartOf":{"@id":"https:\/\/www.linksgestrickt.de\/blog\/#website"},"datePublished":"2018-07-31T11:19:23+00:00","dateModified":"2020-05-26T21:09:12+00:00","author":{"@id":"https:\/\/www.linksgestrickt.de\/blog\/#\/schema\/person\/956849e894b2cbf6c193771750b795b2"},"inLanguage":"en-US","potentialAction":[{"@type":"ReadAction","target":["https:\/\/www.linksgestrickt.de\/blog\/2018\/07\/31\/auf-den-nadeln-emma-yoke-von-knitforpassion-teststrick\/"]}]},{"@type":"WebSite","@id":"https:\/\/www.linksgestrickt.de\/blog\/#website","url":"https:\/\/www.linksgestrickt.de\/blog\/","name":"","description":"nie mehr den Faden verlieren","potentialAction":[{"@type":"SearchAction","target":{"@type":"EntryPoint","urlTemplate":"https:\/\/www.linksgestrickt.de\/blog\/?s={search_term_string}"},"query-input":"required name=search_term_string"}],"inLanguage":"en-US"},{"@type":"Person","@id":"https:\/\/www.linksgestrickt.de\/blog\/#\/schema\/person\/956849e894b2cbf6c193771750b795b2","name":"Patricia","image":{"@type":"ImageObject","inLanguage":"en-US","@id":"https:\/\/www.linksgestrickt.de\/blog\/#\/schema\/person\/image\/","url":"https:\/\/secure.gravatar.com\/avatar\/afa3270040307cf0ac53166e712c5f65?s=96&d=mm&r=g","contentUrl":"https:\/\/secure.gravatar.com\/avatar\/afa3270040307cf0ac53166e712c5f65?s=96&d=mm&r=g","caption":"Patricia"},"url":"https:\/\/www.linksgestrickt.de\/blog\/author\/patfis\/"}]}},"_links":{"self":[{"href":"https:\/\/www.linksgestrickt.de\/blog\/wp-json\/wp\/v2\/posts\/2156"}],"collection":[{"href":"https:\/\/www.linksgestrickt.de\/blog\/wp-json\/wp\/v2\/posts"}],"about":[{"href":"https:\/\/www.linksgestrickt.de\/blog\/wp-json\/wp\/v2\/types\/post"}],"author":[{"embeddable":true,"href":"https:\/\/www.linksgestrickt.de\/blog\/wp-json\/wp\/v2\/users\/1"}],"replies":[{"embeddable":true,"href":"https:\/\/www.linksgestrickt.de\/blog\/wp-json\/wp\/v2\/comments?post=2156"}],"version-history":[{"count":3,"href":"https:\/\/www.linksgestrickt.de\/blog\/wp-json\/wp\/v2\/posts\/2156\/revisions"}],"predecessor-version":[{"id":2162,"href":"https:\/\/www.linksgestrickt.de\/blog\/wp-json\/wp\/v2\/posts\/2156\/revisions\/2162"}],"wp:featuredmedia":[{"embeddable":true,"href":"https:\/\/www.linksgestrickt.de\/blog\/wp-json\/wp\/v2\/media\/2157"}],"wp:attachment":[{"href":"https:\/\/www.linksgestrickt.de\/blog\/wp-json\/wp\/v2\/media?parent=2156"}],"wp:term":[{"taxonomy":"category","embeddable":true,"href":"https:\/\/www.linksgestrickt.de\/blog\/wp-json\/wp\/v2\/categories?post=2156"},{"taxonomy":"post_tag","embeddable":true,"href":"https:\/\/www.linksgestrickt.de\/blog\/wp-json\/wp\/v2\/tags?post=2156"}],"curies":[{"name":"wp","href":"https:\/\/api.w.org\/{rel}","templated":true}]}}