{"id":2183,"date":"2018-12-07T13:03:04","date_gmt":"2018-12-07T11:03:04","guid":{"rendered":"https:\/\/www.linksgestrickt.de\/blog\/?p=2183"},"modified":"2019-01-29T13:10:10","modified_gmt":"2019-01-29T11:10:10","slug":"paketversand-weihnachten-2018","status":"publish","type":"post","link":"https:\/\/www.linksgestrickt.de\/blog\/2018\/12\/07\/paketversand-weihnachten-2018\/","title":{"rendered":"Paketversand Weihnachten 2018"},"content":{"rendered":"<p>Das Fest naht mit gro\u00dfen Schritten und ich wollte Euch nur kurz wissen lassen, bis wann wir vor Weihnachten versenden, so dass Pakete und P\u00e4ckchen rechtzeitig bei Euch ankommen.<\/p>\n<figure id=\"attachment_2185\" aria-describedby=\"caption-attachment-2185\" style=\"width: 600px\" class=\"wp-caption aligncenter\"><img decoding=\"async\" loading=\"lazy\" class=\"size-full wp-image-2185\" src=\"https:\/\/www.linksgestrickt.de\/blog\/wp-content\/uploads\/2018\/12\/adv.jpg\" alt=\"\" width=\"600\" height=\"420\" srcset=\"https:\/\/www.linksgestrickt.de\/blog\/wp-content\/uploads\/2018\/12\/adv.jpg 600w, https:\/\/www.linksgestrickt.de\/blog\/wp-content\/uploads\/2018\/12\/adv-300x210.jpg 300w, https:\/\/www.linksgestrickt.de\/blog\/wp-content\/uploads\/2018\/12\/adv-500x350.jpg 500w\" sizes=\"(max-width: 600px) 100vw, 600px\" \/><figcaption id=\"caption-attachment-2185\" class=\"wp-caption-text\">Foto von <a href=\"https:\/\/www.flickr.com\/photos\/creativ-pool\/25072865718\/\">Peter Toporowski via Flickr<\/a>, <em><a href=\"https:\/\/creativecommons.org\/licenses\/by\/2.0\/\" target=\"_blank\" rel=\"noopener\">Creative Commons &#8211; Attribution 2.0 Generic (CC BY 2.0)<\/a><\/em><\/figcaption><\/figure>\n<p>F\u00fcr Hermes oder DHL gelten:<\/p>\n<p>erreichen uns Bestellungen bis Donnerstag, den 20.12.2018 um 10 Uhr, verschicke ich Sie am gleichen Tag bis 12 Uhr.<\/p>\n<p>F\u00fcr unsere Kunden aus \u00d6sterreich und den angrenzenden Nachbarl\u00e4ndern ist der Stichtag der 15.12.2018. Hier bitte auch bis 10 Uhr bestellen, ich verschicke am gleichen Tag.<\/p>\n<p>Kunden aus der Schweiz und aus weiteren Staaten, die nicht zur EU geh\u00f6ren: 11.12.2018<\/p>\n<p>&nbsp;<\/p>\n<p>Nat\u00fcrlich bearbeiten wir auch alle eingehenden Bestellungen an den anderen Tagen und zwischen den Jahren. Nach einer kleinen Verschnaufpause, die wir zwischen dem 23.12 und 26.12.2018, geht es am 27.12.2018 mit dem Versand weiter.<\/p>\n<p>Wir w\u00fcnschen Euch eine besinnliche Adventszeit!<\/p>\n<p>Patricia +Matthias<\/p>\n<p>&nbsp;<\/p>\n<p>&nbsp;<\/p>\n<p>&nbsp;<\/p>\n<p>&nbsp;<\/p>\n<p>&nbsp;<\/p>\n","protected":false},"excerpt":{"rendered":"<p>Das Fest naht mit gro\u00dfen Schritten und ich wollte Euch nur kurz wissen lassen, bis wann wir vor Weihnachten versenden, so dass Pakete und P\u00e4ckchen rechtzeitig bei Euch ankommen. F\u00fcr Hermes oder DHL gelten: erreichen uns Bestellungen bis Donnerstag, den 20.12.2018 um 10 Uhr, verschicke ich Sie am gleichen Tag bis 12 Uhr. F\u00fcr unsere&#8230;<\/p>\n","protected":false},"author":1,"featured_media":2185,"comment_status":"open","ping_status":"open","sticky":false,"template":"","format":"standard","meta":{"footnotes":""},"categories":[22],"tags":[],"yoast_head":"<!-- This site is optimized with the Yoast SEO plugin v21.1 - https:\/\/yoast.com\/wordpress\/plugins\/seo\/ -->\n<title>Paketversand Weihnachten 2018 -<\/title>\n<meta name=\"robots\" content=\"index, follow, max-snippet:-1, max-image-preview:large, max-video-preview:-1\" \/>\n<link rel=\"canonical\" href=\"https:\/\/www.linksgestrickt.de\/blog\/2018\/12\/07\/paketversand-weihnachten-2018\/\" \/>\n<meta property=\"og:locale\" content=\"en_US\" \/>\n<meta property=\"og:type\" content=\"article\" \/>\n<meta property=\"og:title\" content=\"Paketversand Weihnachten 2018 -\" \/>\n<meta property=\"og:description\" content=\"Das Fest naht mit gro\u00dfen Schritten und ich wollte Euch nur kurz wissen lassen, bis wann wir vor Weihnachten versenden, so dass Pakete und P\u00e4ckchen rechtzeitig bei Euch ankommen. F\u00fcr Hermes oder DHL gelten: erreichen uns Bestellungen bis Donnerstag, den 20.12.2018 um 10 Uhr, verschicke ich Sie am gleichen Tag bis 12 Uhr. F\u00fcr unsere...\" \/>\n<meta property=\"og:url\" content=\"https:\/\/www.linksgestrickt.de\/blog\/2018\/12\/07\/paketversand-weihnachten-2018\/\" \/>\n<meta property=\"article:published_time\" content=\"2018-12-07T11:03:04+00:00\" \/>\n<meta property=\"article:modified_time\" content=\"2019-01-29T11:10:10+00:00\" \/>\n<meta property=\"og:image\" content=\"https:\/\/www.linksgestrickt.de\/blog\/wp-content\/uploads\/2018\/12\/adv.jpg\" \/>\n\t<meta property=\"og:image:width\" content=\"600\" \/>\n\t<meta property=\"og:image:height\" content=\"420\" \/>\n\t<meta property=\"og:image:type\" content=\"image\/jpeg\" \/>\n<meta name=\"author\" content=\"Patricia\" \/>\n<meta name=\"twitter:label1\" content=\"Written by\" \/>\n\t<meta name=\"twitter:data1\" content=\"Patricia\" \/>\n\t<meta name=\"twitter:label2\" content=\"Est. reading time\" \/>\n\t<meta name=\"twitter:data2\" content=\"1 minute\" \/>\n<script type=\"application\/ld+json\" class=\"yoast-schema-graph\">{\"@context\":\"https:\/\/schema.org\",\"@graph\":[{\"@type\":\"WebPage\",\"@id\":\"https:\/\/www.linksgestrickt.de\/blog\/2018\/12\/07\/paketversand-weihnachten-2018\/\",\"url\":\"https:\/\/www.linksgestrickt.de\/blog\/2018\/12\/07\/paketversand-weihnachten-2018\/\",\"name\":\"Paketversand Weihnachten 2018 -\",\"isPartOf\":{\"@id\":\"https:\/\/www.linksgestrickt.de\/blog\/#website\"},\"datePublished\":\"2018-12-07T11:03:04+00:00\",\"dateModified\":\"2019-01-29T11:10:10+00:00\",\"author\":{\"@id\":\"https:\/\/www.linksgestrickt.de\/blog\/#\/schema\/person\/956849e894b2cbf6c193771750b795b2\"},\"inLanguage\":\"en-US\",\"potentialAction\":[{\"@type\":\"ReadAction\",\"target\":[\"https:\/\/www.linksgestrickt.de\/blog\/2018\/12\/07\/paketversand-weihnachten-2018\/\"]}]},{\"@type\":\"WebSite\",\"@id\":\"https:\/\/www.linksgestrickt.de\/blog\/#website\",\"url\":\"https:\/\/www.linksgestrickt.de\/blog\/\",\"name\":\"\",\"description\":\"nie mehr den Faden verlieren\",\"potentialAction\":[{\"@type\":\"SearchAction\",\"target\":{\"@type\":\"EntryPoint\",\"urlTemplate\":\"https:\/\/www.linksgestrickt.de\/blog\/?s={search_term_string}\"},\"query-input\":\"required name=search_term_string\"}],\"inLanguage\":\"en-US\"},{\"@type\":\"Person\",\"@id\":\"https:\/\/www.linksgestrickt.de\/blog\/#\/schema\/person\/956849e894b2cbf6c193771750b795b2\",\"name\":\"Patricia\",\"image\":{\"@type\":\"ImageObject\",\"inLanguage\":\"en-US\",\"@id\":\"https:\/\/www.linksgestrickt.de\/blog\/#\/schema\/person\/image\/\",\"url\":\"https:\/\/secure.gravatar.com\/avatar\/afa3270040307cf0ac53166e712c5f65?s=96&d=mm&r=g\",\"contentUrl\":\"https:\/\/secure.gravatar.com\/avatar\/afa3270040307cf0ac53166e712c5f65?s=96&d=mm&r=g\",\"caption\":\"Patricia\"},\"url\":\"https:\/\/www.linksgestrickt.de\/blog\/author\/patfis\/\"}]}<\/script>\n<!-- \/ Yoast SEO plugin. -->","yoast_head_json":{"title":"Paketversand Weihnachten 2018 -","robots":{"index":"index","follow":"follow","max-snippet":"max-snippet:-1","max-image-preview":"max-image-preview:large","max-video-preview":"max-video-preview:-1"},"canonical":"https:\/\/www.linksgestrickt.de\/blog\/2018\/12\/07\/paketversand-weihnachten-2018\/","og_locale":"en_US","og_type":"article","og_title":"Paketversand Weihnachten 2018 -","og_description":"Das Fest naht mit gro\u00dfen Schritten und ich wollte Euch nur kurz wissen lassen, bis wann wir vor Weihnachten versenden, so dass Pakete und P\u00e4ckchen rechtzeitig bei Euch ankommen. F\u00fcr Hermes oder DHL gelten: erreichen uns Bestellungen bis Donnerstag, den 20.12.2018 um 10 Uhr, verschicke ich Sie am gleichen Tag bis 12 Uhr. F\u00fcr unsere...","og_url":"https:\/\/www.linksgestrickt.de\/blog\/2018\/12\/07\/paketversand-weihnachten-2018\/","article_published_time":"2018-12-07T11:03:04+00:00","article_modified_time":"2019-01-29T11:10:10+00:00","og_image":[{"width":600,"height":420,"url":"https:\/\/www.linksgestrickt.de\/blog\/wp-content\/uploads\/2018\/12\/adv.jpg","type":"image\/jpeg"}],"author":"Patricia","twitter_misc":{"Written by":"Patricia","Est. reading time":"1 minute"},"schema":{"@context":"https:\/\/schema.org","@graph":[{"@type":"WebPage","@id":"https:\/\/www.linksgestrickt.de\/blog\/2018\/12\/07\/paketversand-weihnachten-2018\/","url":"https:\/\/www.linksgestrickt.de\/blog\/2018\/12\/07\/paketversand-weihnachten-2018\/","name":"Paketversand Weihnachten 2018 -","isPartOf":{"@id":"https:\/\/www.linksgestrickt.de\/blog\/#website"},"datePublished":"2018-12-07T11:03:04+00:00","dateModified":"2019-01-29T11:10:10+00:00","author":{"@id":"https:\/\/www.linksgestrickt.de\/blog\/#\/schema\/person\/956849e894b2cbf6c193771750b795b2"},"inLanguage":"en-US","potentialAction":[{"@type":"ReadAction","target":["https:\/\/www.linksgestrickt.de\/blog\/2018\/12\/07\/paketversand-weihnachten-2018\/"]}]},{"@type":"WebSite","@id":"https:\/\/www.linksgestrickt.de\/blog\/#website","url":"https:\/\/www.linksgestrickt.de\/blog\/","name":"","description":"nie mehr den Faden verlieren","potentialAction":[{"@type":"SearchAction","target":{"@type":"EntryPoint","urlTemplate":"https:\/\/www.linksgestrickt.de\/blog\/?s={search_term_string}"},"query-input":"required name=search_term_string"}],"inLanguage":"en-US"},{"@type":"Person","@id":"https:\/\/www.linksgestrickt.de\/blog\/#\/schema\/person\/956849e894b2cbf6c193771750b795b2","name":"Patricia","image":{"@type":"ImageObject","inLanguage":"en-US","@id":"https:\/\/www.linksgestrickt.de\/blog\/#\/schema\/person\/image\/","url":"https:\/\/secure.gravatar.com\/avatar\/afa3270040307cf0ac53166e712c5f65?s=96&d=mm&r=g","contentUrl":"https:\/\/secure.gravatar.com\/avatar\/afa3270040307cf0ac53166e712c5f65?s=96&d=mm&r=g","caption":"Patricia"},"url":"https:\/\/www.linksgestrickt.de\/blog\/author\/patfis\/"}]}},"_links":{"self":[{"href":"https:\/\/www.linksgestrickt.de\/blog\/wp-json\/wp\/v2\/posts\/2183"}],"collection":[{"href":"https:\/\/www.linksgestrickt.de\/blog\/wp-json\/wp\/v2\/posts"}],"about":[{"href":"https:\/\/www.linksgestrickt.de\/blog\/wp-json\/wp\/v2\/types\/post"}],"author":[{"embeddable":true,"href":"https:\/\/www.linksgestrickt.de\/blog\/wp-json\/wp\/v2\/users\/1"}],"replies":[{"embeddable":true,"href":"https:\/\/www.linksgestrickt.de\/blog\/wp-json\/wp\/v2\/comments?post=2183"}],"version-history":[{"count":1,"href":"https:\/\/www.linksgestrickt.de\/blog\/wp-json\/wp\/v2\/posts\/2183\/revisions"}],"predecessor-version":[{"id":2186,"href":"https:\/\/www.linksgestrickt.de\/blog\/wp-json\/wp\/v2\/posts\/2183\/revisions\/2186"}],"wp:featuredmedia":[{"embeddable":true,"href":"https:\/\/www.linksgestrickt.de\/blog\/wp-json\/wp\/v2\/media\/2185"}],"wp:attachment":[{"href":"https:\/\/www.linksgestrickt.de\/blog\/wp-json\/wp\/v2\/media?parent=2183"}],"wp:term":[{"taxonomy":"category","embeddable":true,"href":"https:\/\/www.linksgestrickt.de\/blog\/wp-json\/wp\/v2\/categories?post=2183"},{"taxonomy":"post_tag","embeddable":true,"href":"https:\/\/www.linksgestrickt.de\/blog\/wp-json\/wp\/v2\/tags?post=2183"}],"curies":[{"name":"wp","href":"https:\/\/api.w.org\/{rel}","templated":true}]}}