{"id":828,"date":"2014-01-26T15:10:04","date_gmt":"2014-01-26T13:10:04","guid":{"rendered":"http:\/\/www.linksgestrickt.de\/blog\/?p=828"},"modified":"2014-01-27T16:04:55","modified_gmt":"2014-01-27T14:04:55","slug":"ravelry-highlights-4-2014","status":"publish","type":"post","link":"https:\/\/www.linksgestrickt.de\/blog\/2014\/01\/26\/ravelry-highlights-4-2014\/","title":{"rendered":"Ravelry Highlights 4\/2014"},"content":{"rendered":"<p>Wenn ich mir diese Woche meine neuesten Favoriten auf Ravelry anschaue, scheint es einerseits sehr musterlastig zugegangen sein, andererseits aber auch wiederum nicht, wenn man sich die Enso Vest und die Frederika anschaut. M\u00fcsste ich mich auf der Stelle entscheiden, was mein n\u00e4chstes Strickprojekt w\u00e4re, dann w\u00fcrde die Wahl auf Frederika oder Enso fallen, insbesondere in der tollen Ausf\u00fchrung von 2lunas. Au\u00dferdem passen beide wunderbar zu diesen klirrend kalten Temperaturen, die wir hier in Berlin in den letzten Tagen hatten.<\/p>\n<p>Eine weitere Entdeckung diese Woche waren die Strickmuster und die Webseite von Anne Hanson. Ich habe sie in einem Video von KnittingDaily kennengelernt, in der sie sich eingehend mit dem Thema Maschenprobe besch\u00e4ftigte. Ein Thema, um das man als Stricker(in) nicht herumkommt, wenn das Strickst\u00fcck sitzen soll und das manchmal recht nervig ist, wenn man ungeduldig ist und endlich mit dem stricken anfangen will&#8230; Schaut selbst einmal auf der Seite von Anne Hanson unter <a href=\"http:\/\/knitspot.com\/\" target=\"_blank\">www.knitspot.com <\/a>oder auf <a href=\"http:\/\/www.ravelry.com\/designers\/anne-hanson\" target=\"_blank\">Ravelry<\/a>.<\/p>\n<p><a href=\"https:\/\/www.linksgestrickt.de\/blog\/wp-content\/uploads\/2014\/01\/Ravelry_4_2014-Kopie.jpg\"><img decoding=\"async\" loading=\"lazy\" class=\"aligncenter size-full wp-image-829\" alt=\"Ravelry_4_2014 Kopie\" src=\"https:\/\/www.linksgestrickt.de\/blog\/wp-content\/uploads\/2014\/01\/Ravelry_4_2014-Kopie.jpg\" width=\"569\" height=\"569\" srcset=\"https:\/\/www.linksgestrickt.de\/blog\/wp-content\/uploads\/2014\/01\/Ravelry_4_2014-Kopie.jpg 569w, https:\/\/www.linksgestrickt.de\/blog\/wp-content\/uploads\/2014\/01\/Ravelry_4_2014-Kopie-290x290.jpg 290w, https:\/\/www.linksgestrickt.de\/blog\/wp-content\/uploads\/2014\/01\/Ravelry_4_2014-Kopie-300x300.jpg 300w, https:\/\/www.linksgestrickt.de\/blog\/wp-content\/uploads\/2014\/01\/Ravelry_4_2014-Kopie-120x120.jpg 120w, https:\/\/www.linksgestrickt.de\/blog\/wp-content\/uploads\/2014\/01\/Ravelry_4_2014-Kopie-50x50.jpg 50w\" sizes=\"(max-width: 569px) 100vw, 569px\" \/><\/a><\/p>\n<p>1. Reihe: <a href=\"http:\/\/www.ravelry.com\/projects\/2lunas\/enso-vest\" target=\"_blank\">Enso Vest<\/a> von 2lunas (Muster von Olga Buraya-Kefelian), <a href=\"http:\/\/www.ravelry.com\/patterns\/library\/09-green-iiris---cropped-hoodie\" target=\"_blank\">#09 Green Iiris\/Cropped Hoodie<\/a> von Marie Muinonen, <a href=\"http:\/\/www.ravelry.com\/patterns\/library\/de-danann\" target=\"_blank\">De Danann<\/a> von Aiobhe Ni<\/p>\n<p>2. Reihe: <a href=\"http:\/\/www.ravelry.com\/projects\/PiPiBird\/such-a-winters-day-2\" target=\"_blank\">Frederika<\/a> von PiPiBird (Muster von Heidi Kirrmaier), <a href=\"http:\/\/www.ravelry.com\/patterns\/library\/henley-with-a-twist\" target=\"_blank\">Henley with a twist <\/a>von Anne Hanson, <a href=\"http:\/\/www.ravelry.com\/patterns\/library\/rec-rev\" target=\"_blank\">Rec Rev<\/a> von Kitman Figueroa<\/p>\n<p>3. Reihe: <a href=\"http:\/\/www.ravelry.com\/patterns\/library\/horseshoe-pattern\" target=\"_blank\">Horseshoe Pattern<\/a> von Barbara G. Walker, <a href=\"http:\/\/www.ravelry.com\/patterns\/library\/crocus-patch-baby-blanket\" target=\"_blank\">Crocus Patch Baby Blanket<\/a> jooleeyet (Muster von Anne Hanson), Seamless Yoked Baby Sweater von fogwalker (Muster von Carole Barenys)<\/p>\n<p>Dear reader, every week I post my top favourite projects from Ravelry with a link to it and to the creator . If you do not wish to see your photo on this website, please email me and I will remove it!<\/p>\n","protected":false},"excerpt":{"rendered":"<p>Wenn ich mir diese Woche meine neuesten Favoriten auf Ravelry anschaue, scheint es einerseits sehr musterlastig zugegangen sein, andererseits aber auch wiederum nicht, wenn man sich die Enso Vest und die Frederika anschaut. M\u00fcsste ich mich auf der Stelle entscheiden, was mein n\u00e4chstes Strickprojekt w\u00e4re, dann w\u00fcrde die Wahl auf Frederika oder Enso fallen, insbesondere&#8230;<\/p>\n","protected":false},"author":1,"featured_media":829,"comment_status":"open","ping_status":"open","sticky":false,"template":"","format":"standard","meta":{"footnotes":""},"categories":[11,30,12,18,15],"tags":[45,46,48,47],"yoast_head":"<!-- This site is optimized with the Yoast SEO plugin v21.1 - https:\/\/yoast.com\/wordpress\/plugins\/seo\/ -->\n<title>Ravelry Highlights 4\/2014<\/title>\n<meta name=\"robots\" content=\"index, follow, max-snippet:-1, max-image-preview:large, max-video-preview:-1\" \/>\n<link rel=\"canonical\" href=\"https:\/\/www.linksgestrickt.de\/blog\/2014\/01\/26\/ravelry-highlights-4-2014\/\" \/>\n<meta property=\"og:locale\" content=\"en_US\" \/>\n<meta property=\"og:type\" content=\"article\" \/>\n<meta property=\"og:title\" content=\"Ravelry Highlights 4\/2014\" \/>\n<meta property=\"og:description\" content=\"Wenn ich mir diese Woche meine neuesten Favoriten auf Ravelry anschaue, scheint es einerseits sehr musterlastig zugegangen sein, andererseits aber auch wiederum nicht, wenn man sich die Enso Vest und die Frederika anschaut. M\u00fcsste ich mich auf der Stelle entscheiden, was mein n\u00e4chstes Strickprojekt w\u00e4re, dann w\u00fcrde die Wahl auf Frederika oder Enso fallen, insbesondere...\" \/>\n<meta property=\"og:url\" content=\"https:\/\/www.linksgestrickt.de\/blog\/2014\/01\/26\/ravelry-highlights-4-2014\/\" \/>\n<meta property=\"article:published_time\" content=\"2014-01-26T13:10:04+00:00\" \/>\n<meta property=\"article:modified_time\" content=\"2014-01-27T14:04:55+00:00\" \/>\n<meta property=\"og:image\" content=\"https:\/\/www.linksgestrickt.de\/blog\/wp-content\/uploads\/2014\/01\/Ravelry_4_2014-Kopie.jpg\" \/>\n\t<meta property=\"og:image:width\" content=\"569\" \/>\n\t<meta property=\"og:image:height\" content=\"569\" \/>\n\t<meta property=\"og:image:type\" content=\"image\/jpeg\" \/>\n<meta name=\"author\" content=\"Patricia\" \/>\n<meta name=\"twitter:label1\" content=\"Written by\" \/>\n\t<meta name=\"twitter:data1\" content=\"Patricia\" \/>\n\t<meta name=\"twitter:label2\" content=\"Est. reading time\" \/>\n\t<meta name=\"twitter:data2\" content=\"1 minute\" \/>\n<script type=\"application\/ld+json\" class=\"yoast-schema-graph\">{\"@context\":\"https:\/\/schema.org\",\"@graph\":[{\"@type\":\"WebPage\",\"@id\":\"https:\/\/www.linksgestrickt.de\/blog\/2014\/01\/26\/ravelry-highlights-4-2014\/\",\"url\":\"https:\/\/www.linksgestrickt.de\/blog\/2014\/01\/26\/ravelry-highlights-4-2014\/\",\"name\":\"Ravelry Highlights 4\/2014\",\"isPartOf\":{\"@id\":\"https:\/\/www.linksgestrickt.de\/blog\/#website\"},\"datePublished\":\"2014-01-26T13:10:04+00:00\",\"dateModified\":\"2014-01-27T14:04:55+00:00\",\"author\":{\"@id\":\"https:\/\/www.linksgestrickt.de\/blog\/#\/schema\/person\/956849e894b2cbf6c193771750b795b2\"},\"inLanguage\":\"en-US\",\"potentialAction\":[{\"@type\":\"ReadAction\",\"target\":[\"https:\/\/www.linksgestrickt.de\/blog\/2014\/01\/26\/ravelry-highlights-4-2014\/\"]}]},{\"@type\":\"WebSite\",\"@id\":\"https:\/\/www.linksgestrickt.de\/blog\/#website\",\"url\":\"https:\/\/www.linksgestrickt.de\/blog\/\",\"name\":\"\",\"description\":\"nie mehr den Faden verlieren\",\"potentialAction\":[{\"@type\":\"SearchAction\",\"target\":{\"@type\":\"EntryPoint\",\"urlTemplate\":\"https:\/\/www.linksgestrickt.de\/blog\/?s={search_term_string}\"},\"query-input\":\"required name=search_term_string\"}],\"inLanguage\":\"en-US\"},{\"@type\":\"Person\",\"@id\":\"https:\/\/www.linksgestrickt.de\/blog\/#\/schema\/person\/956849e894b2cbf6c193771750b795b2\",\"name\":\"Patricia\",\"image\":{\"@type\":\"ImageObject\",\"inLanguage\":\"en-US\",\"@id\":\"https:\/\/www.linksgestrickt.de\/blog\/#\/schema\/person\/image\/\",\"url\":\"https:\/\/secure.gravatar.com\/avatar\/afa3270040307cf0ac53166e712c5f65?s=96&d=mm&r=g\",\"contentUrl\":\"https:\/\/secure.gravatar.com\/avatar\/afa3270040307cf0ac53166e712c5f65?s=96&d=mm&r=g\",\"caption\":\"Patricia\"},\"url\":\"https:\/\/www.linksgestrickt.de\/blog\/author\/patfis\/\"}]}<\/script>\n<!-- \/ Yoast SEO plugin. -->","yoast_head_json":{"title":"Ravelry Highlights 4\/2014","robots":{"index":"index","follow":"follow","max-snippet":"max-snippet:-1","max-image-preview":"max-image-preview:large","max-video-preview":"max-video-preview:-1"},"canonical":"https:\/\/www.linksgestrickt.de\/blog\/2014\/01\/26\/ravelry-highlights-4-2014\/","og_locale":"en_US","og_type":"article","og_title":"Ravelry Highlights 4\/2014","og_description":"Wenn ich mir diese Woche meine neuesten Favoriten auf Ravelry anschaue, scheint es einerseits sehr musterlastig zugegangen sein, andererseits aber auch wiederum nicht, wenn man sich die Enso Vest und die Frederika anschaut. M\u00fcsste ich mich auf der Stelle entscheiden, was mein n\u00e4chstes Strickprojekt w\u00e4re, dann w\u00fcrde die Wahl auf Frederika oder Enso fallen, insbesondere...","og_url":"https:\/\/www.linksgestrickt.de\/blog\/2014\/01\/26\/ravelry-highlights-4-2014\/","article_published_time":"2014-01-26T13:10:04+00:00","article_modified_time":"2014-01-27T14:04:55+00:00","og_image":[{"width":569,"height":569,"url":"https:\/\/www.linksgestrickt.de\/blog\/wp-content\/uploads\/2014\/01\/Ravelry_4_2014-Kopie.jpg","type":"image\/jpeg"}],"author":"Patricia","twitter_misc":{"Written by":"Patricia","Est. reading time":"1 minute"},"schema":{"@context":"https:\/\/schema.org","@graph":[{"@type":"WebPage","@id":"https:\/\/www.linksgestrickt.de\/blog\/2014\/01\/26\/ravelry-highlights-4-2014\/","url":"https:\/\/www.linksgestrickt.de\/blog\/2014\/01\/26\/ravelry-highlights-4-2014\/","name":"Ravelry Highlights 4\/2014","isPartOf":{"@id":"https:\/\/www.linksgestrickt.de\/blog\/#website"},"datePublished":"2014-01-26T13:10:04+00:00","dateModified":"2014-01-27T14:04:55+00:00","author":{"@id":"https:\/\/www.linksgestrickt.de\/blog\/#\/schema\/person\/956849e894b2cbf6c193771750b795b2"},"inLanguage":"en-US","potentialAction":[{"@type":"ReadAction","target":["https:\/\/www.linksgestrickt.de\/blog\/2014\/01\/26\/ravelry-highlights-4-2014\/"]}]},{"@type":"WebSite","@id":"https:\/\/www.linksgestrickt.de\/blog\/#website","url":"https:\/\/www.linksgestrickt.de\/blog\/","name":"","description":"nie mehr den Faden verlieren","potentialAction":[{"@type":"SearchAction","target":{"@type":"EntryPoint","urlTemplate":"https:\/\/www.linksgestrickt.de\/blog\/?s={search_term_string}"},"query-input":"required name=search_term_string"}],"inLanguage":"en-US"},{"@type":"Person","@id":"https:\/\/www.linksgestrickt.de\/blog\/#\/schema\/person\/956849e894b2cbf6c193771750b795b2","name":"Patricia","image":{"@type":"ImageObject","inLanguage":"en-US","@id":"https:\/\/www.linksgestrickt.de\/blog\/#\/schema\/person\/image\/","url":"https:\/\/secure.gravatar.com\/avatar\/afa3270040307cf0ac53166e712c5f65?s=96&d=mm&r=g","contentUrl":"https:\/\/secure.gravatar.com\/avatar\/afa3270040307cf0ac53166e712c5f65?s=96&d=mm&r=g","caption":"Patricia"},"url":"https:\/\/www.linksgestrickt.de\/blog\/author\/patfis\/"}]}},"_links":{"self":[{"href":"https:\/\/www.linksgestrickt.de\/blog\/wp-json\/wp\/v2\/posts\/828"}],"collection":[{"href":"https:\/\/www.linksgestrickt.de\/blog\/wp-json\/wp\/v2\/posts"}],"about":[{"href":"https:\/\/www.linksgestrickt.de\/blog\/wp-json\/wp\/v2\/types\/post"}],"author":[{"embeddable":true,"href":"https:\/\/www.linksgestrickt.de\/blog\/wp-json\/wp\/v2\/users\/1"}],"replies":[{"embeddable":true,"href":"https:\/\/www.linksgestrickt.de\/blog\/wp-json\/wp\/v2\/comments?post=828"}],"version-history":[{"count":3,"href":"https:\/\/www.linksgestrickt.de\/blog\/wp-json\/wp\/v2\/posts\/828\/revisions"}],"predecessor-version":[{"id":832,"href":"https:\/\/www.linksgestrickt.de\/blog\/wp-json\/wp\/v2\/posts\/828\/revisions\/832"}],"wp:featuredmedia":[{"embeddable":true,"href":"https:\/\/www.linksgestrickt.de\/blog\/wp-json\/wp\/v2\/media\/829"}],"wp:attachment":[{"href":"https:\/\/www.linksgestrickt.de\/blog\/wp-json\/wp\/v2\/media?parent=828"}],"wp:term":[{"taxonomy":"category","embeddable":true,"href":"https:\/\/www.linksgestrickt.de\/blog\/wp-json\/wp\/v2\/categories?post=828"},{"taxonomy":"post_tag","embeddable":true,"href":"https:\/\/www.linksgestrickt.de\/blog\/wp-json\/wp\/v2\/tags?post=828"}],"curies":[{"name":"wp","href":"https:\/\/api.w.org\/{rel}","templated":true}]}}